{"id":213,"date":"2021-11-27T01:04:00","date_gmt":"2021-11-27T00:04:00","guid":{"rendered":"http:\/\/festivallaresistanceaucinema.fr\/?p=213"},"modified":"2023-03-02T11:42:08","modified_gmt":"2023-03-02T10:42:08","slug":"josep-daural-theatre-georges-brassens-villemomble","status":"publish","type":"post","link":"https:\/\/festivallaresistanceaucinema.fr\/?p=213","title":{"rendered":"\u00ab\u00a0Josep\u00a0\u00bb d&rsquo;Aural,  th\u00e9\u00e2tre Georges-Brassens, Villemomble"},"content":{"rendered":"\n<p>120 coll\u00e9giens et lyc\u00e9ens de Villemomble ont assist\u00e9 \u00e0 la projection du film \u00ab\u00a0Josep\u00a0\u00bb d&rsquo;Aural jeudi 25 novembre au th\u00e9\u00e2tre Georges-Brassens de la commune.<\/p>\n\n\n\n<p> Apr\u00e8s la projection un d\u00e9bat s&rsquo;est naturellement instaur\u00e9 entre les scolaires et Manuel Mingot Nicaise du Mus\u00e9e de la R\u00e9sistance national de Champigny et anim\u00e9 par Daniel Sarthou, membre de l&rsquo;AFMD93 partenaire du Festival la R\u00e9sistance au cin\u00e9ma. <\/p>\n\n\n\n<p>Notons au passage la qualit\u00e9 des d\u00e9bats. Un grand merci \u00e0 M. Ritter, enseignant histoire-g\u00e9ographie au coll\u00e9ge Pasteur de  Villemomble. Et merci \u00e0 la ville de Villemomble pour la mise \u00e0 disposition du th\u00e9\u00e2tre Georges Brassens.<\/p>\n\n\n\n<p><\/p>\n\n\n\n<figure class=\"wp-block-embed is-type-video is-provider-youtube wp-block-embed-youtube wp-embed-aspect-16-9 wp-has-aspect-ratio\"><div class=\"wp-block-embed__wrapper\">\n<iframe loading=\"lazy\" title=\"Trailer de Josep (HD)\" width=\"640\" height=\"360\" src=\"https:\/\/www.youtube.com\/embed\/X1f1ys1N-wA?feature=oembed\" frameborder=\"0\" allow=\"accelerometer; autoplay; clipboard-write; encrypted-media; gyroscope; picture-in-picture; web-share\" referrerpolicy=\"strict-origin-when-cross-origin\" allowfullscreen><\/iframe>\n<\/div><\/figure>\n","protected":false},"excerpt":{"rendered":"<p>120 coll\u00e9giens et lyc\u00e9ens de Villemomble ont assist\u00e9 \u00e0 la projection du film \u00ab\u00a0Josep\u00a0\u00bb d&rsquo;Aural jeudi 25 novembre au th\u00e9\u00e2tre Georges-Brassens de la commune. Apr\u00e8s la projection un d\u00e9bat s&rsquo;est naturellement instaur\u00e9 entre les scolaires et Manuel Mingot Nicaise du &hellip; <a href=\"https:\/\/festivallaresistanceaucinema.fr\/?p=213\">Continuer la lecture <span class=\"meta-nav\">&rarr;<\/span><\/a><\/p>\n","protected":false},"author":2,"featured_media":134,"comment_status":"closed","ping_status":"closed","sticky":false,"template":"","format":"standard","meta":{"footnotes":""},"categories":[1],"tags":[],"_links":{"self":[{"href":"https:\/\/festivallaresistanceaucinema.fr\/index.php?rest_route=\/wp\/v2\/posts\/213"}],"collection":[{"href":"https:\/\/festivallaresistanceaucinema.fr\/index.php?rest_route=\/wp\/v2\/posts"}],"about":[{"href":"https:\/\/festivallaresistanceaucinema.fr\/index.php?rest_route=\/wp\/v2\/types\/post"}],"author":[{"embeddable":true,"href":"https:\/\/festivallaresistanceaucinema.fr\/index.php?rest_route=\/wp\/v2\/users\/2"}],"replies":[{"embeddable":true,"href":"https:\/\/festivallaresistanceaucinema.fr\/index.php?rest_route=%2Fwp%2Fv2%2Fcomments&post=213"}],"version-history":[{"count":2,"href":"https:\/\/festivallaresistanceaucinema.fr\/index.php?rest_route=\/wp\/v2\/posts\/213\/revisions"}],"predecessor-version":[{"id":217,"href":"https:\/\/festivallaresistanceaucinema.fr\/index.php?rest_route=\/wp\/v2\/posts\/213\/revisions\/217"}],"wp:featuredmedia":[{"embeddable":true,"href":"https:\/\/festivallaresistanceaucinema.fr\/index.php?rest_route=\/wp\/v2\/media\/134"}],"wp:attachment":[{"href":"https:\/\/festivallaresistanceaucinema.fr\/index.php?rest_route=%2Fwp%2Fv2%2Fmedia&parent=213"}],"wp:term":[{"taxonomy":"category","embeddable":true,"href":"https:\/\/festivallaresistanceaucinema.fr\/index.php?rest_route=%2Fwp%2Fv2%2Fcategories&post=213"},{"taxonomy":"post_tag","embeddable":true,"href":"https:\/\/festivallaresistanceaucinema.fr\/index.php?rest_route=%2Fwp%2Fv2%2Ftags&post=213"}],"curies":[{"name":"wp","href":"https:\/\/api.w.org\/{rel}","templated":true}]}}