{"id":1618,"date":"2026-04-28T18:32:15","date_gmt":"2026-04-28T16:32:15","guid":{"rendered":"http:\/\/festivallaresistanceaucinema.fr\/?p=1618"},"modified":"2026-04-28T18:34:55","modified_gmt":"2026-04-28T16:34:55","slug":"un-festival-de-films-et-de-rencontres-autour-de-la-resistance-et-de-la-deportation","status":"publish","type":"post","link":"https:\/\/festivallaresistanceaucinema.fr\/?p=1618","title":{"rendered":"Un festival de films et de rencontres autour de la R\u00e9sistance et de la D\u00e9portation"},"content":{"rendered":"\n<figure class=\"wp-block-image size-large\"><img loading=\"lazy\" decoding=\"async\" width=\"721\" height=\"1024\" src=\"http:\/\/festivallaresistanceaucinema.fr\/wp-content\/uploads\/2026\/03\/programmecineresistance_2026-721x1024.jpg\" alt=\"\" class=\"wp-image-1601\" srcset=\"https:\/\/festivallaresistanceaucinema.fr\/wp-content\/uploads\/2026\/03\/programmecineresistance_2026-721x1024.jpg 721w, https:\/\/festivallaresistanceaucinema.fr\/wp-content\/uploads\/2026\/03\/programmecineresistance_2026-211x300.jpg 211w, https:\/\/festivallaresistanceaucinema.fr\/wp-content\/uploads\/2026\/03\/programmecineresistance_2026-768x1090.jpg 768w, https:\/\/festivallaresistanceaucinema.fr\/wp-content\/uploads\/2026\/03\/programmecineresistance_2026-1082x1536.jpg 1082w, https:\/\/festivallaresistanceaucinema.fr\/wp-content\/uploads\/2026\/03\/programmecineresistance_2026.jpg 1165w\" sizes=\"(max-width: 721px) 100vw, 721px\" \/><\/figure>\n\n\n\n<p class=\"has-medium-font-size\"><em><strong>612 spectatrices\/spectateurs, pas moins.<\/strong> Pour la 21e \u00e9dition de leur festival annuel \u00ab\u00a0La R\u00e9sistance au cin\u00e9ma\u00a0\u00bb, les Ami.e.s du Mus\u00e9e de la R\u00e9sistance nationale de Seine-Saint-Denis ont attir\u00e9 en avril plus d&rsquo;un demi millier de personnes lors des 13 projections de films et documentaires &#8211; de qualit\u00e9 &#8211; choisis par les 7 salles de cin\u00e9ma partenaires.<\/em><\/p>\n\n\n\n<figure class=\"wp-block-image size-large\"><img loading=\"lazy\" decoding=\"async\" width=\"768\" height=\"1024\" src=\"http:\/\/festivallaresistanceaucinema.fr\/wp-content\/uploads\/2026\/01\/nuremberg2-768x1024.jpg\" alt=\"\" class=\"wp-image-1550\" srcset=\"https:\/\/festivallaresistanceaucinema.fr\/wp-content\/uploads\/2026\/01\/nuremberg2-768x1024.jpg 768w, https:\/\/festivallaresistanceaucinema.fr\/wp-content\/uploads\/2026\/01\/nuremberg2-225x300.jpg 225w, https:\/\/festivallaresistanceaucinema.fr\/wp-content\/uploads\/2026\/01\/nuremberg2-1152x1536.jpg 1152w, https:\/\/festivallaresistanceaucinema.fr\/wp-content\/uploads\/2026\/01\/nuremberg2.jpg 1200w\" sizes=\"(max-width: 768px) 100vw, 768px\" \/><\/figure>\n\n\n\n<p>Au programme \u00ab&nbsp;Les rayons et les ombres&nbsp;\u00bb de Xavier Gianolli au Cin&rsquo;Hoche de Bagnolet&nbsp;; \u00ab&nbsp;Nuremberg&nbsp;\u00bb de James Vanderbilt au Bijou de Noisy le Grand, au Cin\u00e9 104 de Pantin et au th\u00e9\u00e2tre-cin\u00e9ma du Garde-Chasse aux Lilas&nbsp;; \u00ab&nbsp;Matricule 31000, le courage de l&rsquo;ombre&nbsp;\u00bb de Niagara et Fr\u00e9d\u00e9ric Tonolli au Trianon de Romainville\/Noisy le Sec&nbsp;; \u00ab&nbsp;Une vie nous s\u00e9pare&nbsp;\u00bb de Baptiste Antignani et Rapha\u00eblle Gosse-Gardet au m\u00e9morial de la Shoah de Drancy&nbsp;; et \u00ab&nbsp;La Zone d&rsquo;int\u00e9r\u00eat&nbsp;\u00bb de Jonathan Glazer au M\u00e9li\u00e8s de Montreuil.<\/p>\n\n\n\n<figure class=\"wp-block-image size-large\"><img loading=\"lazy\" decoding=\"async\" width=\"724\" height=\"1024\" src=\"http:\/\/festivallaresistanceaucinema.fr\/wp-content\/uploads\/2026\/02\/mtricule31000-724x1024.jpeg\" alt=\"\" class=\"wp-image-1579\" srcset=\"https:\/\/festivallaresistanceaucinema.fr\/wp-content\/uploads\/2026\/02\/mtricule31000-724x1024.jpeg 724w, https:\/\/festivallaresistanceaucinema.fr\/wp-content\/uploads\/2026\/02\/mtricule31000-212x300.jpeg 212w, https:\/\/festivallaresistanceaucinema.fr\/wp-content\/uploads\/2026\/02\/mtricule31000-768x1086.jpeg 768w, https:\/\/festivallaresistanceaucinema.fr\/wp-content\/uploads\/2026\/02\/mtricule31000.jpeg 899w\" sizes=\"(max-width: 724px) 100vw, 724px\" \/><\/figure>\n\n\n\n<p>Des \u00ab&nbsp;d\u00e9bat-rencontre-\u00e9change-partage-discussion&nbsp;\u00bb ont suivi avec \u00c9ric Brossard, historien&nbsp;; Laurent L\u00e9vy, ancien avocat&nbsp;; Pierre Gernez, ancien journaliste&nbsp;; Annick Odru, Christiane Lauthelier et Claudine Ducastel de \u00ab&nbsp;M\u00e9moire vive des convois des 31000 et 45000&nbsp;\u00bb, filles de d\u00e9port\u00e9es&nbsp;; Sabine Pesier du MNFRD&nbsp;; Thierry Berkover de l&rsquo;AFMD&nbsp;; Thomas Fontaine du r\u00e9seau MRN et Ophir L\u00e9vy, ma\u00eetre de conf\u00e9rence. Le public a appr\u00e9ci\u00e9 cette ann\u00e9e de se faire d\u00e9cortiquer le proc\u00e8s de Nuremberg&nbsp;; expliquer la transmission de la m\u00e9moire de la R\u00e9sistance et de la D\u00e9portation&nbsp;; ou encore se laisser replonger dans l&rsquo;Histoire, celle de la Collaboration, rayon \u00ab&nbsp;ombres&nbsp;\u00bb, ou celle de la D\u00e9portation relat\u00e9e par les descendantes de t\u00e9moins ou vue par les bourreaux.<\/p>\n\n\n\n<figure class=\"wp-block-image size-large\"><img loading=\"lazy\" decoding=\"async\" width=\"724\" height=\"1024\" src=\"http:\/\/festivallaresistanceaucinema.fr\/wp-content\/uploads\/2026\/01\/afficheunevienoussepare-768x1086-1-724x1024.jpg\" alt=\"\" class=\"wp-image-1551\" srcset=\"https:\/\/festivallaresistanceaucinema.fr\/wp-content\/uploads\/2026\/01\/afficheunevienoussepare-768x1086-1-724x1024.jpg 724w, https:\/\/festivallaresistanceaucinema.fr\/wp-content\/uploads\/2026\/01\/afficheunevienoussepare-768x1086-1-212x300.jpg 212w, https:\/\/festivallaresistanceaucinema.fr\/wp-content\/uploads\/2026\/01\/afficheunevienoussepare-768x1086-1.jpg 768w\" sizes=\"(max-width: 724px) 100vw, 724px\" \/><\/figure>\n\n\n\n<p>Le 9-3 r\u00e9siste donc \u00e0 l&rsquo;oubli. L&rsquo;AMRN 93 qui s&rsquo;est engag\u00e9e dans un r\u00e9seau de r\u00e9sistance, celui de \u00ab&nbsp;M\u00e9moires en r\u00e9seau&nbsp;\u00bb, s&rsquo;entoure d&rsquo;agents s\u00fbrs&nbsp;: les directrices et directeurs de cin\u00e9ma et les enseignant.e.s pour la prochaine \u00e9dition scolaire annuelle \u00e0 l&rsquo;automne.<\/p>\n\n\n\n<figure class=\"wp-block-image size-full\"><img loading=\"lazy\" decoding=\"async\" width=\"360\" height=\"480\" src=\"http:\/\/festivallaresistanceaucinema.fr\/wp-content\/uploads\/2026\/04\/ch160_image_ucr1-small480.jpg\" alt=\"\" class=\"wp-image-1619\" srcset=\"https:\/\/festivallaresistanceaucinema.fr\/wp-content\/uploads\/2026\/04\/ch160_image_ucr1-small480.jpg 360w, https:\/\/festivallaresistanceaucinema.fr\/wp-content\/uploads\/2026\/04\/ch160_image_ucr1-small480-225x300.jpg 225w\" sizes=\"(max-width: 360px) 100vw, 360px\" \/><\/figure>\n\n\n\n<p class=\"has-medium-font-size\"><strong>Il ne manque plus que vous<\/strong> pour encore agrandir l&rsquo;\u00e9cran des festivals annuels de l&rsquo;AMRN 93&nbsp;: <a href=\"https:\/\/www.helloasso.com\/associations\/amis-du-musee-de-la-resistance-nationale-de-seine-saint-denis\">https:\/\/www.helloasso.com\/associations\/amis-du-musee-de-la-resistance-nationale-de-seine-saint-denis<\/a><\/p>\n\n\n\n<p class=\"has-medium-font-size\"><strong>Ami.e, entends-tu&nbsp;?<\/strong><\/p>\n\n\n\n<p class=\"has-medium-font-size\">Ami.e.s du Mus\u00e9e de la R\u00e9sistance nationale de Seine-Saint-Denis<\/p>\n\n\n\n<p><a href=\"mailto:amrn93@club-internet.fr\">amrn93@club-internet.fr<\/a><\/p>\n\n\n\n<p><a href=\"https:\/\/festivallaresistanceaucinema.fr\">https:\/\/festivallaresistanceaucinema.fr<\/a><\/p>\n\n\n\n<p><a href=\"https:\/\/memoires-en-reseau.org\">https:\/\/memoires-en-reseau.org<\/a><\/p>\n","protected":false},"excerpt":{"rendered":"<p>612 spectatrices\/spectateurs, pas moins. Pour la 21e \u00e9dition de leur festival annuel \u00ab\u00a0La R\u00e9sistance au cin\u00e9ma\u00a0\u00bb, les Ami.e.s du Mus\u00e9e de la R\u00e9sistance nationale de Seine-Saint-Denis ont attir\u00e9 en avril plus d&rsquo;un demi millier de personnes lors des 13 projections &hellip; <a href=\"https:\/\/festivallaresistanceaucinema.fr\/?p=1618\">Continuer la lecture <span class=\"meta-nav\">&rarr;<\/span><\/a><\/p>\n","protected":false},"author":3,"featured_media":0,"comment_status":"closed","ping_status":"","sticky":true,"template":"","format":"standard","meta":{"footnotes":""},"categories":[8],"tags":[],"_links":{"self":[{"href":"https:\/\/festivallaresistanceaucinema.fr\/index.php?rest_route=\/wp\/v2\/posts\/1618"}],"collection":[{"href":"https:\/\/festivallaresistanceaucinema.fr\/index.php?rest_route=\/wp\/v2\/posts"}],"about":[{"href":"https:\/\/festivallaresistanceaucinema.fr\/index.php?rest_route=\/wp\/v2\/types\/post"}],"author":[{"embeddable":true,"href":"https:\/\/festivallaresistanceaucinema.fr\/index.php?rest_route=\/wp\/v2\/users\/3"}],"replies":[{"embeddable":true,"href":"https:\/\/festivallaresistanceaucinema.fr\/index.php?rest_route=%2Fwp%2Fv2%2Fcomments&post=1618"}],"version-history":[{"count":6,"href":"https:\/\/festivallaresistanceaucinema.fr\/index.php?rest_route=\/wp\/v2\/posts\/1618\/revisions"}],"predecessor-version":[{"id":1625,"href":"https:\/\/festivallaresistanceaucinema.fr\/index.php?rest_route=\/wp\/v2\/posts\/1618\/revisions\/1625"}],"wp:attachment":[{"href":"https:\/\/festivallaresistanceaucinema.fr\/index.php?rest_route=%2Fwp%2Fv2%2Fmedia&parent=1618"}],"wp:term":[{"taxonomy":"category","embeddable":true,"href":"https:\/\/festivallaresistanceaucinema.fr\/index.php?rest_route=%2Fwp%2Fv2%2Fcategories&post=1618"},{"taxonomy":"post_tag","embeddable":true,"href":"https:\/\/festivallaresistanceaucinema.fr\/index.php?rest_route=%2Fwp%2Fv2%2Ftags&post=1618"}],"curies":[{"name":"wp","href":"https:\/\/api.w.org\/{rel}","templated":true}]}}