{"id":1518,"date":"2025-10-15T10:15:17","date_gmt":"2025-10-15T08:15:17","guid":{"rendered":"http:\/\/festivallaresistanceaucinema.fr\/?p=1518"},"modified":"2026-01-31T16:23:39","modified_gmt":"2026-01-31T15:23:39","slug":"4e-festival-la-resistance-au-cinema-special-scolaires","status":"publish","type":"post","link":"https:\/\/festivallaresistanceaucinema.fr\/?p=1518","title":{"rendered":"4e festival La R\u00e9sistance au cin\u00e9ma sp\u00e9cial scolaires"},"content":{"rendered":"\n<figure class=\"wp-block-image size-large\"><img loading=\"lazy\" decoding=\"async\" width=\"722\" height=\"1024\" src=\"http:\/\/festivallaresistanceaucinema.fr\/wp-content\/uploads\/2025\/10\/programme_scolaire_2025-722x1024.jpg\" alt=\"\" class=\"wp-image-1515\" srcset=\"https:\/\/festivallaresistanceaucinema.fr\/wp-content\/uploads\/2025\/10\/programme_scolaire_2025-722x1024.jpg 722w, https:\/\/festivallaresistanceaucinema.fr\/wp-content\/uploads\/2025\/10\/programme_scolaire_2025-211x300.jpg 211w, https:\/\/festivallaresistanceaucinema.fr\/wp-content\/uploads\/2025\/10\/programme_scolaire_2025-768x1090.jpg 768w, https:\/\/festivallaresistanceaucinema.fr\/wp-content\/uploads\/2025\/10\/programme_scolaire_2025-1083x1536.jpg 1083w, https:\/\/festivallaresistanceaucinema.fr\/wp-content\/uploads\/2025\/10\/programme_scolaire_2025-1444x2048.jpg 1444w, https:\/\/festivallaresistanceaucinema.fr\/wp-content\/uploads\/2025\/10\/programme_scolaire_2025.jpg 1748w\" sizes=\"(max-width: 722px) 100vw, 722px\" \/><\/figure>\n\n\n\n<figure class=\"wp-block-image size-large\"><img loading=\"lazy\" decoding=\"async\" width=\"722\" height=\"1024\" src=\"http:\/\/festivallaresistanceaucinema.fr\/wp-content\/uploads\/2025\/10\/programme_scolaire_20252-722x1024.jpg\" alt=\"\" class=\"wp-image-1519\" srcset=\"https:\/\/festivallaresistanceaucinema.fr\/wp-content\/uploads\/2025\/10\/programme_scolaire_20252-722x1024.jpg 722w, https:\/\/festivallaresistanceaucinema.fr\/wp-content\/uploads\/2025\/10\/programme_scolaire_20252-211x300.jpg 211w, https:\/\/festivallaresistanceaucinema.fr\/wp-content\/uploads\/2025\/10\/programme_scolaire_20252-768x1090.jpg 768w, https:\/\/festivallaresistanceaucinema.fr\/wp-content\/uploads\/2025\/10\/programme_scolaire_20252-1083x1536.jpg 1083w, https:\/\/festivallaresistanceaucinema.fr\/wp-content\/uploads\/2025\/10\/programme_scolaire_20252-1444x2048.jpg 1444w, https:\/\/festivallaresistanceaucinema.fr\/wp-content\/uploads\/2025\/10\/programme_scolaire_20252.jpg 1748w\" sizes=\"(max-width: 722px) 100vw, 722px\" \/><\/figure>\n\n\n\n<figure class=\"wp-block-image size-large\"><img loading=\"lazy\" decoding=\"async\" width=\"722\" height=\"1024\" src=\"http:\/\/festivallaresistanceaucinema.fr\/wp-content\/uploads\/2025\/10\/programme_scolaire_20254-722x1024.jpg\" alt=\"\" class=\"wp-image-1521\" srcset=\"https:\/\/festivallaresistanceaucinema.fr\/wp-content\/uploads\/2025\/10\/programme_scolaire_20254-722x1024.jpg 722w, https:\/\/festivallaresistanceaucinema.fr\/wp-content\/uploads\/2025\/10\/programme_scolaire_20254-211x300.jpg 211w, https:\/\/festivallaresistanceaucinema.fr\/wp-content\/uploads\/2025\/10\/programme_scolaire_20254-768x1090.jpg 768w, https:\/\/festivallaresistanceaucinema.fr\/wp-content\/uploads\/2025\/10\/programme_scolaire_20254-1083x1536.jpg 1083w, https:\/\/festivallaresistanceaucinema.fr\/wp-content\/uploads\/2025\/10\/programme_scolaire_20254-1444x2048.jpg 1444w, https:\/\/festivallaresistanceaucinema.fr\/wp-content\/uploads\/2025\/10\/programme_scolaire_20254.jpg 1748w\" sizes=\"(max-width: 722px) 100vw, 722px\" \/><\/figure>\n\n\n\n<figure class=\"wp-block-image size-large\"><img loading=\"lazy\" decoding=\"async\" width=\"722\" height=\"1024\" src=\"http:\/\/festivallaresistanceaucinema.fr\/wp-content\/uploads\/2025\/10\/programme_scolaire_20255-722x1024.jpg\" alt=\"\" class=\"wp-image-1522\" srcset=\"https:\/\/festivallaresistanceaucinema.fr\/wp-content\/uploads\/2025\/10\/programme_scolaire_20255-722x1024.jpg 722w, https:\/\/festivallaresistanceaucinema.fr\/wp-content\/uploads\/2025\/10\/programme_scolaire_20255-211x300.jpg 211w, https:\/\/festivallaresistanceaucinema.fr\/wp-content\/uploads\/2025\/10\/programme_scolaire_20255-768x1090.jpg 768w, https:\/\/festivallaresistanceaucinema.fr\/wp-content\/uploads\/2025\/10\/programme_scolaire_20255-1083x1536.jpg 1083w, https:\/\/festivallaresistanceaucinema.fr\/wp-content\/uploads\/2025\/10\/programme_scolaire_20255-1444x2048.jpg 1444w, https:\/\/festivallaresistanceaucinema.fr\/wp-content\/uploads\/2025\/10\/programme_scolaire_20255.jpg 1748w\" sizes=\"(max-width: 722px) 100vw, 722px\" \/><\/figure>\n\n\n\n<figure class=\"wp-block-image size-large\"><img loading=\"lazy\" decoding=\"async\" width=\"722\" height=\"1024\" src=\"http:\/\/festivallaresistanceaucinema.fr\/wp-content\/uploads\/2025\/10\/programme_scolaire_20256-722x1024.jpg\" alt=\"\" class=\"wp-image-1523\" srcset=\"https:\/\/festivallaresistanceaucinema.fr\/wp-content\/uploads\/2025\/10\/programme_scolaire_20256-722x1024.jpg 722w, https:\/\/festivallaresistanceaucinema.fr\/wp-content\/uploads\/2025\/10\/programme_scolaire_20256-211x300.jpg 211w, https:\/\/festivallaresistanceaucinema.fr\/wp-content\/uploads\/2025\/10\/programme_scolaire_20256-768x1090.jpg 768w, https:\/\/festivallaresistanceaucinema.fr\/wp-content\/uploads\/2025\/10\/programme_scolaire_20256-1083x1536.jpg 1083w, https:\/\/festivallaresistanceaucinema.fr\/wp-content\/uploads\/2025\/10\/programme_scolaire_20256-1444x2048.jpg 1444w, https:\/\/festivallaresistanceaucinema.fr\/wp-content\/uploads\/2025\/10\/programme_scolaire_20256.jpg 1748w\" sizes=\"(max-width: 722px) 100vw, 722px\" \/><\/figure>\n\n\n\n<figure class=\"wp-block-image size-large\"><img loading=\"lazy\" decoding=\"async\" width=\"722\" height=\"1024\" src=\"http:\/\/festivallaresistanceaucinema.fr\/wp-content\/uploads\/2025\/10\/programme_scolaire_20257-722x1024.jpg\" alt=\"\" class=\"wp-image-1524\" srcset=\"https:\/\/festivallaresistanceaucinema.fr\/wp-content\/uploads\/2025\/10\/programme_scolaire_20257-722x1024.jpg 722w, https:\/\/festivallaresistanceaucinema.fr\/wp-content\/uploads\/2025\/10\/programme_scolaire_20257-211x300.jpg 211w, https:\/\/festivallaresistanceaucinema.fr\/wp-content\/uploads\/2025\/10\/programme_scolaire_20257-768x1090.jpg 768w, https:\/\/festivallaresistanceaucinema.fr\/wp-content\/uploads\/2025\/10\/programme_scolaire_20257-1083x1536.jpg 1083w, https:\/\/festivallaresistanceaucinema.fr\/wp-content\/uploads\/2025\/10\/programme_scolaire_20257-1444x2048.jpg 1444w, https:\/\/festivallaresistanceaucinema.fr\/wp-content\/uploads\/2025\/10\/programme_scolaire_20257.jpg 1748w\" sizes=\"(max-width: 722px) 100vw, 722px\" \/><\/figure>\n\n\n\n<p class=\"has-medium-font-size\"><strong>Attention ! La projection du film \u00ab\u00a0La Vie est belle\u00a0\u00bb de Roberto Benigni lundi 1er d\u00e9cembre <strong>au cin\u00e9ma Le Trianon<\/strong><\/strong> <strong>est annul\u00e9e. Elle est remplac\u00e9e \u00e0 la m\u00eame date par celle du film d&rsquo;animation \u00ab\u00a0Les Secrets de mon p\u00e8re\u00a0\u00bb de V\u00e9ra Belmont.<\/strong><\/p>\n\n\n\n<figure class=\"wp-block-image size-large\"><img loading=\"lazy\" decoding=\"async\" width=\"722\" height=\"1024\" src=\"http:\/\/festivallaresistanceaucinema.fr\/wp-content\/uploads\/2025\/10\/programme_scolaire_20258-722x1024.jpg\" alt=\"\" class=\"wp-image-1525\" srcset=\"https:\/\/festivallaresistanceaucinema.fr\/wp-content\/uploads\/2025\/10\/programme_scolaire_20258-722x1024.jpg 722w, https:\/\/festivallaresistanceaucinema.fr\/wp-content\/uploads\/2025\/10\/programme_scolaire_20258-211x300.jpg 211w, https:\/\/festivallaresistanceaucinema.fr\/wp-content\/uploads\/2025\/10\/programme_scolaire_20258-768x1090.jpg 768w, https:\/\/festivallaresistanceaucinema.fr\/wp-content\/uploads\/2025\/10\/programme_scolaire_20258-1083x1536.jpg 1083w, https:\/\/festivallaresistanceaucinema.fr\/wp-content\/uploads\/2025\/10\/programme_scolaire_20258-1444x2048.jpg 1444w, https:\/\/festivallaresistanceaucinema.fr\/wp-content\/uploads\/2025\/10\/programme_scolaire_20258.jpg 1748w\" sizes=\"(max-width: 722px) 100vw, 722px\" \/><\/figure>\n\n\n\n<figure class=\"wp-block-image size-large\"><img loading=\"lazy\" decoding=\"async\" width=\"722\" height=\"1024\" src=\"http:\/\/festivallaresistanceaucinema.fr\/wp-content\/uploads\/2025\/10\/programme_scolaire_2025_3-722x1024.jpg\" alt=\"\" class=\"wp-image-1531\" srcset=\"https:\/\/festivallaresistanceaucinema.fr\/wp-content\/uploads\/2025\/10\/programme_scolaire_2025_3-722x1024.jpg 722w, https:\/\/festivallaresistanceaucinema.fr\/wp-content\/uploads\/2025\/10\/programme_scolaire_2025_3-211x300.jpg 211w, https:\/\/festivallaresistanceaucinema.fr\/wp-content\/uploads\/2025\/10\/programme_scolaire_2025_3-768x1090.jpg 768w, https:\/\/festivallaresistanceaucinema.fr\/wp-content\/uploads\/2025\/10\/programme_scolaire_2025_3-1083x1536.jpg 1083w, https:\/\/festivallaresistanceaucinema.fr\/wp-content\/uploads\/2025\/10\/programme_scolaire_2025_3-1444x2048.jpg 1444w, https:\/\/festivallaresistanceaucinema.fr\/wp-content\/uploads\/2025\/10\/programme_scolaire_2025_3.jpg 1748w\" sizes=\"(max-width: 722px) 100vw, 722px\" \/><\/figure>\n\n\n\n<figure class=\"wp-block-image size-large\"><img loading=\"lazy\" decoding=\"async\" width=\"722\" height=\"1024\" src=\"http:\/\/festivallaresistanceaucinema.fr\/wp-content\/uploads\/2025\/10\/programme_scolaire_20259-722x1024.jpg\" alt=\"\" class=\"wp-image-1526\" srcset=\"https:\/\/festivallaresistanceaucinema.fr\/wp-content\/uploads\/2025\/10\/programme_scolaire_20259-722x1024.jpg 722w, https:\/\/festivallaresistanceaucinema.fr\/wp-content\/uploads\/2025\/10\/programme_scolaire_20259-211x300.jpg 211w, https:\/\/festivallaresistanceaucinema.fr\/wp-content\/uploads\/2025\/10\/programme_scolaire_20259-768x1090.jpg 768w, https:\/\/festivallaresistanceaucinema.fr\/wp-content\/uploads\/2025\/10\/programme_scolaire_20259-1083x1536.jpg 1083w, https:\/\/festivallaresistanceaucinema.fr\/wp-content\/uploads\/2025\/10\/programme_scolaire_20259-1444x2048.jpg 1444w, https:\/\/festivallaresistanceaucinema.fr\/wp-content\/uploads\/2025\/10\/programme_scolaire_20259.jpg 1748w\" sizes=\"(max-width: 722px) 100vw, 722px\" \/><\/figure>\n\n\n\n<figure class=\"wp-block-image size-large\"><img loading=\"lazy\" decoding=\"async\" width=\"722\" height=\"1024\" src=\"http:\/\/festivallaresistanceaucinema.fr\/wp-content\/uploads\/2025\/10\/programme_scolaire_202510-722x1024.jpg\" alt=\"\" class=\"wp-image-1527\" srcset=\"https:\/\/festivallaresistanceaucinema.fr\/wp-content\/uploads\/2025\/10\/programme_scolaire_202510-722x1024.jpg 722w, https:\/\/festivallaresistanceaucinema.fr\/wp-content\/uploads\/2025\/10\/programme_scolaire_202510-211x300.jpg 211w, https:\/\/festivallaresistanceaucinema.fr\/wp-content\/uploads\/2025\/10\/programme_scolaire_202510-768x1090.jpg 768w, https:\/\/festivallaresistanceaucinema.fr\/wp-content\/uploads\/2025\/10\/programme_scolaire_202510-1083x1536.jpg 1083w, https:\/\/festivallaresistanceaucinema.fr\/wp-content\/uploads\/2025\/10\/programme_scolaire_202510-1444x2048.jpg 1444w, https:\/\/festivallaresistanceaucinema.fr\/wp-content\/uploads\/2025\/10\/programme_scolaire_202510.jpg 1748w\" sizes=\"(max-width: 722px) 100vw, 722px\" \/><\/figure>\n\n\n\n<figure class=\"wp-block-image size-large\"><img loading=\"lazy\" decoding=\"async\" width=\"722\" height=\"1024\" src=\"http:\/\/festivallaresistanceaucinema.fr\/wp-content\/uploads\/2025\/10\/programme_scolaire_202511-722x1024.jpg\" alt=\"\" class=\"wp-image-1528\" srcset=\"https:\/\/festivallaresistanceaucinema.fr\/wp-content\/uploads\/2025\/10\/programme_scolaire_202511-722x1024.jpg 722w, https:\/\/festivallaresistanceaucinema.fr\/wp-content\/uploads\/2025\/10\/programme_scolaire_202511-211x300.jpg 211w, https:\/\/festivallaresistanceaucinema.fr\/wp-content\/uploads\/2025\/10\/programme_scolaire_202511-768x1090.jpg 768w, https:\/\/festivallaresistanceaucinema.fr\/wp-content\/uploads\/2025\/10\/programme_scolaire_202511-1083x1536.jpg 1083w, https:\/\/festivallaresistanceaucinema.fr\/wp-content\/uploads\/2025\/10\/programme_scolaire_202511-1444x2048.jpg 1444w, https:\/\/festivallaresistanceaucinema.fr\/wp-content\/uploads\/2025\/10\/programme_scolaire_202511.jpg 1748w\" sizes=\"(max-width: 722px) 100vw, 722px\" \/><\/figure>\n","protected":false},"excerpt":{"rendered":"<p>Attention ! La projection du film \u00ab\u00a0La Vie est belle\u00a0\u00bb de Roberto Benigni lundi 1er d\u00e9cembre au cin\u00e9ma Le Trianon est annul\u00e9e. Elle est remplac\u00e9e \u00e0 la m\u00eame date par celle du film d&rsquo;animation \u00ab\u00a0Les Secrets de mon p\u00e8re\u00a0\u00bb de &hellip; <a href=\"https:\/\/festivallaresistanceaucinema.fr\/?p=1518\">Continuer la lecture <span class=\"meta-nav\">&rarr;<\/span><\/a><\/p>\n","protected":false},"author":3,"featured_media":0,"comment_status":"closed","ping_status":"","sticky":false,"template":"","format":"standard","meta":{"footnotes":""},"categories":[8],"tags":[],"_links":{"self":[{"href":"https:\/\/festivallaresistanceaucinema.fr\/index.php?rest_route=\/wp\/v2\/posts\/1518"}],"collection":[{"href":"https:\/\/festivallaresistanceaucinema.fr\/index.php?rest_route=\/wp\/v2\/posts"}],"about":[{"href":"https:\/\/festivallaresistanceaucinema.fr\/index.php?rest_route=\/wp\/v2\/types\/post"}],"author":[{"embeddable":true,"href":"https:\/\/festivallaresistanceaucinema.fr\/index.php?rest_route=\/wp\/v2\/users\/3"}],"replies":[{"embeddable":true,"href":"https:\/\/festivallaresistanceaucinema.fr\/index.php?rest_route=%2Fwp%2Fv2%2Fcomments&post=1518"}],"version-history":[{"count":4,"href":"https:\/\/festivallaresistanceaucinema.fr\/index.php?rest_route=\/wp\/v2\/posts\/1518\/revisions"}],"predecessor-version":[{"id":1538,"href":"https:\/\/festivallaresistanceaucinema.fr\/index.php?rest_route=\/wp\/v2\/posts\/1518\/revisions\/1538"}],"wp:attachment":[{"href":"https:\/\/festivallaresistanceaucinema.fr\/index.php?rest_route=%2Fwp%2Fv2%2Fmedia&parent=1518"}],"wp:term":[{"taxonomy":"category","embeddable":true,"href":"https:\/\/festivallaresistanceaucinema.fr\/index.php?rest_route=%2Fwp%2Fv2%2Fcategories&post=1518"},{"taxonomy":"post_tag","embeddable":true,"href":"https:\/\/festivallaresistanceaucinema.fr\/index.php?rest_route=%2Fwp%2Fv2%2Ftags&post=1518"}],"curies":[{"name":"wp","href":"https:\/\/api.w.org\/{rel}","templated":true}]}}