{"id":1386,"date":"2024-12-16T08:57:45","date_gmt":"2024-12-16T07:57:45","guid":{"rendered":"http:\/\/festivallaresistanceaucinema.fr\/?p=1386"},"modified":"2025-04-29T16:19:43","modified_gmt":"2025-04-29T14:19:43","slug":"2200-eleves-au-3e-festival-la-resistance-au-cinema-special-scolaires-en-seine-saint-denis","status":"publish","type":"post","link":"https:\/\/festivallaresistanceaucinema.fr\/?p=1386","title":{"rendered":"2200 \u00e9l\u00e8ves au 3e festival La R\u00e9sistance au cin\u00e9ma sp\u00e9cial scolaires en Seine-Saint-Denis"},"content":{"rendered":"\n<p class=\"has-medium-font-size\">Notre 3e festival La R\u00e9sistance au cin\u00e9ma sp\u00e9cial scolaires s&rsquo;est achev\u00e9 vendredi 13 d\u00e9cembre sur un chiffre porte-bonheur qui r\u00e9jouit les Amis du Mus\u00e9e de la R\u00e9sistance nationale de Seine-Saint-Denis : plus de 2200 \u00e9l\u00e8ves du CE 2 aux classes de terminale en passant par les coll\u00e8ges. Mille de plus que l&rsquo;an pass\u00e9 ! Le double du premier festival en 2022\u2026<\/p>\n\n\n\n<figure class=\"wp-block-image size-large\"><img loading=\"lazy\" decoding=\"async\" width=\"721\" height=\"1024\" src=\"http:\/\/festivallaresistanceaucinema.fr\/wp-content\/uploads\/2024\/11\/programmecineenfants_2024-721x1024.jpg\" alt=\"\" class=\"wp-image-1368\" srcset=\"https:\/\/festivallaresistanceaucinema.fr\/wp-content\/uploads\/2024\/11\/programmecineenfants_2024-721x1024.jpg 721w, https:\/\/festivallaresistanceaucinema.fr\/wp-content\/uploads\/2024\/11\/programmecineenfants_2024-211x300.jpg 211w, https:\/\/festivallaresistanceaucinema.fr\/wp-content\/uploads\/2024\/11\/programmecineenfants_2024-768x1090.jpg 768w, https:\/\/festivallaresistanceaucinema.fr\/wp-content\/uploads\/2024\/11\/programmecineenfants_2024-1082x1536.jpg 1082w, https:\/\/festivallaresistanceaucinema.fr\/wp-content\/uploads\/2024\/11\/programmecineenfants_2024.jpg 1165w\" sizes=\"(max-width: 721px) 100vw, 721px\" \/><\/figure>\n\n\n\n<p><strong>2200<\/strong> scolaires \u00e0 mettre \u00e0 l&rsquo;actif de l&rsquo;AMRN 93, avec les partenariats pr\u00e9cieux de l&rsquo;AFMD 93, de l&rsquo;AFMA, du MRJ-MOI, du M\u00e9morial de la Shoah de Drancy, du M\u00e9morial national des femmes en R\u00e9sistance et en D\u00e9portation du Fort de Romainville aux Lilas et du Mus\u00e9e de l&rsquo;Histoire vivante de Montreuil.&nbsp;<strong>2200<\/strong> scolaires qui ont pu poser mille questions \u00e0 nos intervenant.e.s apr\u00e8s chaque projection. <br><br><strong>2200<\/strong> scolaires gr\u00e2ce aux 12 cin\u00e9mas de Seine-Saint-Denis qui se sont totalement impliqu\u00e9s dans ce 3e festival et que nous remercions vivement.&nbsp;<strong>2200<\/strong> scolaires et leurs enseignant.e.s enthousiasm\u00e9.e.s qui nous poussent \u00e0 recommencer l&rsquo;an prochain.<br><br><strong>2200<\/strong> scolaires gr\u00e2ce aussi \u00e0 la subvention du D\u00e9partement de Seine-Saint-Denis que nous remercions.<\/p>\n\n\n\n<figure class=\"wp-block-image size-large is-resized\"><img loading=\"lazy\" decoding=\"async\" width=\"1024\" height=\"768\" src=\"http:\/\/festivallaresistanceaucinema.fr\/wp-content\/uploads\/2024\/12\/IMG_1889-1024x768.jpg\" alt=\"\" class=\"wp-image-1388\" style=\"width:670px;height:auto\" srcset=\"https:\/\/festivallaresistanceaucinema.fr\/wp-content\/uploads\/2024\/12\/IMG_1889-1024x768.jpg 1024w, https:\/\/festivallaresistanceaucinema.fr\/wp-content\/uploads\/2024\/12\/IMG_1889-300x225.jpg 300w, https:\/\/festivallaresistanceaucinema.fr\/wp-content\/uploads\/2024\/12\/IMG_1889-768x576.jpg 768w, https:\/\/festivallaresistanceaucinema.fr\/wp-content\/uploads\/2024\/12\/IMG_1889-1536x1152.jpg 1536w, https:\/\/festivallaresistanceaucinema.fr\/wp-content\/uploads\/2024\/12\/IMG_1889-2048x1536.jpg 2048w\" sizes=\"(max-width: 1024px) 100vw, 1024px\" \/><figcaption class=\"wp-element-caption\">Mardi 19 novembre cin\u00e9ma l&rsquo;Etoile \u00e0 La Courneuve, d\u00e9bat autour du film \u00ab\u00a0La plus pr\u00e9cieuse des marchandises\u00a0\u00bb de Michel Hazanavicius pr\u00e9sent\u00e9 par Mathilde Manson avec Thierry Berkover de l&rsquo;AFMD. Photo : Pierre Gernez<\/figcaption><\/figure>\n\n\n\n<figure class=\"wp-block-image size-large\"><img loading=\"lazy\" decoding=\"async\" width=\"1024\" height=\"577\" src=\"http:\/\/festivallaresistanceaucinema.fr\/wp-content\/uploads\/2024\/12\/WhatsApp-Image-2024-11-18-at-16.39.59-1024x577.jpeg\" alt=\"\" class=\"wp-image-1389\" srcset=\"https:\/\/festivallaresistanceaucinema.fr\/wp-content\/uploads\/2024\/12\/WhatsApp-Image-2024-11-18-at-16.39.59-1024x577.jpeg 1024w, https:\/\/festivallaresistanceaucinema.fr\/wp-content\/uploads\/2024\/12\/WhatsApp-Image-2024-11-18-at-16.39.59-300x169.jpeg 300w, https:\/\/festivallaresistanceaucinema.fr\/wp-content\/uploads\/2024\/12\/WhatsApp-Image-2024-11-18-at-16.39.59-768x432.jpeg 768w, https:\/\/festivallaresistanceaucinema.fr\/wp-content\/uploads\/2024\/12\/WhatsApp-Image-2024-11-18-at-16.39.59-1536x865.jpeg 1536w, https:\/\/festivallaresistanceaucinema.fr\/wp-content\/uploads\/2024\/12\/WhatsApp-Image-2024-11-18-at-16.39.59.jpeg 2000w\" sizes=\"(max-width: 1024px) 100vw, 1024px\" \/><figcaption class=\"wp-element-caption\">Lundi 18 novembre M\u00e9morial de la Shoah \u00e0 Drancy, d\u00e9bat autour du documentaire \u00ab\u00a0Faire quelque chose\u00a0\u00bb de Vincent Goubet en pr\u00e9sence de Eric Lafon directeur du Mus\u00e9e de l&rsquo;Histoire vivante de Montreuil. Photo : Laurine Bahloul<\/figcaption><\/figure>\n\n\n\n<p class=\"has-text-align-center has-medium-font-size\"><strong>Prochain festival \u00ab\u00a0Grand public\u00a0\u00bb &#8211; le 20e depuis 2005 ! &#8211;  du mercredi 19 mars au dimanche 6 avril 2025<\/strong><br><br><strong>Deux axes&nbsp;pour ce 20e festival :<\/strong><br>&#8211; le 80e anniversaire de la lib\u00e9ration des camps nazis<br>&#8211; le 80e anniversaire de la victoire sur le nazisme&nbsp;<\/p>\n\n\n\n<p>Notre nouveau partenaire, le M\u00e9morial de la Shoah de Drancy, a d\u00e9j\u00e0 choisi son film et sa date de projection : dimanche 6 avril<br><strong>\u00ab\u00a0J&rsquo;ai dessin\u00e9 Drancy &#8211; mon journal aux portes de l&rsquo;enfer\u00a0\u00bb\u00a0de Xavier Pouvreau sur Georges Horan Koiransky, France 2024 &#8211; 53 minutes.\u00a0<\/strong><br><br>Eventuelle avant-premi\u00e8re :<br>Le film \u00ab\u00a0Berlin, \u00e9t\u00e9 42\u00a0\u00bb (In Liebe Eure Hilde) d&rsquo;Andreas Dresen sur le couple Hans et Hilde Coppi r\u00e9sistant.e.s allemand.e.s\u00a0membres de l&rsquo;Orchestre rouge :\u00a0<a href=\"http:\/\/fr.wikipedia.org\/wiki\/Hilde_Coppi\" target=\"_blank\" rel=\"noreferrer noopener\">http:\/\/fr.wikipedia.org\/wiki\/Hilde_Coppi<\/a>\u200c<br><br>La sortie selon la soci\u00e9t\u00e9 de production Haut &amp; Court est annonc\u00e9e pour le mercredi 9 avril en France <a href=\"http:\/\/www.allocine.fr\/film\/fichefilm_gen_cfilm=300610.html\" target=\"_blank\" rel=\"noreferrer noopener\">http:\/\/www.allocine.fr\/film\/fichefilm_gen_cfilm=300610.html<\/a><\/p>\n\n\n\n<p>Autre id\u00e9e :<br>Le film \u00ab\u00a0Lee Miller\u00a0\u00bb de Helen Kuras avec Kate Winslet r\u00e9cemment sorti aborde la lib\u00e9ration des camps de la mort :&nbsp;<a href=\"http:\/\/fr.wikipedia.org\/wiki\/Lee_Miller_(film)\" target=\"_blank\" rel=\"noreferrer noopener\">http:\/\/fr.wikipedia.org\/wiki\/Lee_Miller_(film)<\/a>\u200c<br><br>Sur cette femme-photographe :&nbsp;<a href=\"https:\/\/fr.wikipedia.org\/wiki\/Lee_Miller\" target=\"_blank\" rel=\"noreferrer noopener\">https:\/\/fr.wikipedia.org\/wiki\/Lee_Miller<\/a><br><br>Il n&rsquo;est pas exclu que des cin\u00e9mas choisissent en plus un film\/docu qui pourrait attirer\u2026 des scolaires !<\/p>\n","protected":false},"excerpt":{"rendered":"<p>Notre 3e festival La R\u00e9sistance au cin\u00e9ma sp\u00e9cial scolaires s&rsquo;est achev\u00e9 vendredi 13 d\u00e9cembre sur un chiffre porte-bonheur qui r\u00e9jouit les Amis du Mus\u00e9e de la R\u00e9sistance nationale de Seine-Saint-Denis : plus de 2200 \u00e9l\u00e8ves du CE 2 aux classes &hellip; <a href=\"https:\/\/festivallaresistanceaucinema.fr\/?p=1386\">Continuer la lecture <span class=\"meta-nav\">&rarr;<\/span><\/a><\/p>\n","protected":false},"author":3,"featured_media":0,"comment_status":"closed","ping_status":"","sticky":false,"template":"","format":"standard","meta":{"footnotes":""},"categories":[8],"tags":[],"_links":{"self":[{"href":"https:\/\/festivallaresistanceaucinema.fr\/index.php?rest_route=\/wp\/v2\/posts\/1386"}],"collection":[{"href":"https:\/\/festivallaresistanceaucinema.fr\/index.php?rest_route=\/wp\/v2\/posts"}],"about":[{"href":"https:\/\/festivallaresistanceaucinema.fr\/index.php?rest_route=\/wp\/v2\/types\/post"}],"author":[{"embeddable":true,"href":"https:\/\/festivallaresistanceaucinema.fr\/index.php?rest_route=\/wp\/v2\/users\/3"}],"replies":[{"embeddable":true,"href":"https:\/\/festivallaresistanceaucinema.fr\/index.php?rest_route=%2Fwp%2Fv2%2Fcomments&post=1386"}],"version-history":[{"count":3,"href":"https:\/\/festivallaresistanceaucinema.fr\/index.php?rest_route=\/wp\/v2\/posts\/1386\/revisions"}],"predecessor-version":[{"id":1391,"href":"https:\/\/festivallaresistanceaucinema.fr\/index.php?rest_route=\/wp\/v2\/posts\/1386\/revisions\/1391"}],"wp:attachment":[{"href":"https:\/\/festivallaresistanceaucinema.fr\/index.php?rest_route=%2Fwp%2Fv2%2Fmedia&parent=1386"}],"wp:term":[{"taxonomy":"category","embeddable":true,"href":"https:\/\/festivallaresistanceaucinema.fr\/index.php?rest_route=%2Fwp%2Fv2%2Fcategories&post=1386"},{"taxonomy":"post_tag","embeddable":true,"href":"https:\/\/festivallaresistanceaucinema.fr\/index.php?rest_route=%2Fwp%2Fv2%2Ftags&post=1386"}],"curies":[{"name":"wp","href":"https:\/\/api.w.org\/{rel}","templated":true}]}}