{"id":1279,"date":"2024-05-05T16:07:49","date_gmt":"2024-05-05T14:07:49","guid":{"rendered":"http:\/\/festivallaresistanceaucinema.fr\/?p=1279"},"modified":"2024-05-21T13:30:35","modified_gmt":"2024-05-21T11:30:35","slug":"pantin-quai-aux-bestiaux-printemps-ete-1944","status":"publish","type":"post","link":"https:\/\/festivallaresistanceaucinema.fr\/?p=1279","title":{"rendered":"Pantin, Quai aux Bestiaux, printemps \u00e9t\u00e9 1944"},"content":{"rendered":"\n<p><\/p>\n\n\n\n<figure class=\"wp-block-image size-large\"><img loading=\"lazy\" decoding=\"async\" width=\"1024\" height=\"775\" src=\"http:\/\/festivallaresistanceaucinema.fr\/wp-content\/uploads\/2024\/05\/quai-1-1024x775.jpg\" alt=\"\" class=\"wp-image-1286\" srcset=\"https:\/\/festivallaresistanceaucinema.fr\/wp-content\/uploads\/2024\/05\/quai-1-1024x775.jpg 1024w, https:\/\/festivallaresistanceaucinema.fr\/wp-content\/uploads\/2024\/05\/quai-1-300x227.jpg 300w, https:\/\/festivallaresistanceaucinema.fr\/wp-content\/uploads\/2024\/05\/quai-1-768x581.jpg 768w, https:\/\/festivallaresistanceaucinema.fr\/wp-content\/uploads\/2024\/05\/quai-1-1536x1162.jpg 1536w, https:\/\/festivallaresistanceaucinema.fr\/wp-content\/uploads\/2024\/05\/quai-1-2048x1550.jpg 2048w\" sizes=\"(max-width: 1024px) 100vw, 1024px\" \/><figcaption class=\"wp-element-caption\">Photographie du tournage du film \u00ab\u00a0Paris br\u00fble-t-il ?\u00a0\u00bb de Ren\u00e9 Cl\u00e9ment sur le Quai aux Bestiaux \u00e0 Pantin en 1965. \u00a9 Raymond Voinquel<\/figcaption><\/figure>\n\n\n\n<p><strong>Lundi 13 mai 2024 \u00e0 17h30<\/strong>, <em>la Ville de Pantin en partenariat avec le Mus\u00e9e de la R\u00e9sistance nationale, les associations des Amis du Mus\u00e9e de la R\u00e9sistance nationale de Seine-Saint-Denis, des Amis de la Fondation de la M\u00e9moire de la D\u00e9portation et du Fonds M\u00e9moire d&rsquo;Auschwitz comm\u00e9morent les d\u00e9parts depuis le site ferroviaire pantinois de quatre convois de D\u00e9portation au printemps et \u00e0 l&rsquo;\u00e9t\u00e9 1944 vers les bagnes nazis de Buchenwald (Thuringe) et Ravensbr\u00fcck (Brandebourg).<\/em><\/p>\n\n\n\n<p><strong>Par sa position g\u00e9ographique<\/strong>, le futur d\u00e9partement de la Seine-Saint-Denis a \u00e9t\u00e9 particuli\u00e8rement concern\u00e9 et marqu\u00e9 par la Seconde Guerre mondiale. Les principaux camps et prisons de d\u00e9tention allemands, install\u00e9s entre 1940 et 1944 en France occup\u00e9e, les principales gares de d\u00e9portation, indispensables \u00ab&nbsp;connections&nbsp;\u00bb vers le syst\u00e8me concentrationnaire nazi ou les centres de mise \u00e0 mort, l\u2019ont \u00e9t\u00e9 sur l\u2019actuel territoire de la Seine-Saint-Denis.<\/p>\n\n\n\n<p><strong>Ces lieux ont jou\u00e9 un r\u00f4le central<\/strong> dans la politique de pers\u00e9cution et de r\u00e9pression organis\u00e9e par l\u2019Allemagne nazie avec la complicit\u00e9 et la collaboration du Gouvernement de Vichy&nbsp;: la Cit\u00e9 de la Muette \u2013 ancien camp de Drancy-, principal lieu d\u2019internement des Juifs de France, les anciennes gares de d\u00e9portation du Bourget-Drancy et de Bobigny, le Fort de Romainville aux Lilas, la caserne des Suisses \u00e0 Saint-Denis, et le Quai aux Bestiaux \u00e0 Pantin.<\/p>\n\n\n\n<figure class=\"wp-block-image size-large\"><img loading=\"lazy\" decoding=\"async\" width=\"1024\" height=\"999\" src=\"http:\/\/festivallaresistanceaucinema.fr\/wp-content\/uploads\/2024\/05\/quai-aujourhui-1-1024x999.jpg\" alt=\"\" class=\"wp-image-1288\" srcset=\"https:\/\/festivallaresistanceaucinema.fr\/wp-content\/uploads\/2024\/05\/quai-aujourhui-1-1024x999.jpg 1024w, https:\/\/festivallaresistanceaucinema.fr\/wp-content\/uploads\/2024\/05\/quai-aujourhui-1-300x293.jpg 300w, https:\/\/festivallaresistanceaucinema.fr\/wp-content\/uploads\/2024\/05\/quai-aujourhui-1-768x749.jpg 768w, https:\/\/festivallaresistanceaucinema.fr\/wp-content\/uploads\/2024\/05\/quai-aujourhui-1.jpg 1506w\" sizes=\"(max-width: 1024px) 100vw, 1024px\" \/><figcaption class=\"wp-element-caption\">Le site du Quai aux Bestiaux \u00e0 Pantin mai 2000. \u00a9 Pierre Gernez<\/figcaption><\/figure>\n\n\n\n<p><strong>Quatre convois de d\u00e9portation de r\u00e9pression<\/strong> sont partis au printemps et \u00e0 l\u2019\u00e9t\u00e9 1944 de la gare de marchandises de Pantin et ont pris la direction des camps de concentration allemands de Ravensbr\u00fcck, pr\u00e8s de Berlin et de Buchenwald, pr\u00e8s de Weimar.<\/p>\n\n\n\n<p><strong>Les convois des 18 avril et 13 mai<\/strong> d\u00e9portent depuis la gare de Pantin les femmes intern\u00e9es au fort de Romainville, camp de transit pour les d\u00e9port\u00e9es \u00e0 Ravensbr\u00fcck. Les bombardements entrainent ensuite des d\u00e9parts depuis la gare de l\u2019Est \u00e0 Paris. &nbsp;Au moment de l\u2019\u00e9vacuation allemande, <strong>la gare de Pantin est r\u00e9utilis\u00e9e les 11 et 15 ao\u00fbt. <\/strong><\/p>\n\n\n\n<p><strong>Le convoi du 15 ao\u00fbt 1944<\/strong>, dernier grand convoi d\u2019\u00e9vacuation de d\u00e9portation de la r\u00e9gion parisienne, le plus important de toute l\u2019Occupation par le nombre de ses d\u00e9port\u00e9.es, plus de 2200 personnes, comprenait des wagons occup\u00e9s les uns par des femmes, les autres par des hommes.<\/p>\n\n\n\n<p><strong>La tr\u00e8s grande majorit\u00e9<\/strong> de ces d\u00e9port\u00e9.es \u00e9tait des r\u00e9sistantes et r\u00e9sistants.<\/p>\n\n\n\n<p>Au total, au moins <strong>3 250 d\u00e9port\u00e9.es<\/strong> sont partis de la gare de Pantin, dont pr\u00e8s d\u2019une moiti\u00e9 de femmes. 38 % ne sont pas revenus.<\/p>\n\n\n\n<p><strong>CONVOI DU MARDI 18 AVRIL 1944<\/strong><\/p>\n\n\n\n<figure class=\"wp-block-image size-large\"><img loading=\"lazy\" decoding=\"async\" width=\"1024\" height=\"682\" src=\"http:\/\/festivallaresistanceaucinema.fr\/wp-content\/uploads\/2024\/05\/wagon-1024x682.jpg\" alt=\"\" class=\"wp-image-1294\" srcset=\"https:\/\/festivallaresistanceaucinema.fr\/wp-content\/uploads\/2024\/05\/wagon-1024x682.jpg 1024w, https:\/\/festivallaresistanceaucinema.fr\/wp-content\/uploads\/2024\/05\/wagon-300x200.jpg 300w, https:\/\/festivallaresistanceaucinema.fr\/wp-content\/uploads\/2024\/05\/wagon-768x511.jpg 768w, https:\/\/festivallaresistanceaucinema.fr\/wp-content\/uploads\/2024\/05\/wagon.jpg 1532w\" sizes=\"(max-width: 1024px) 100vw, 1024px\" \/><figcaption class=\"wp-element-caption\">Le site du Quai aux Bestiaux \u00e0 Pantin mai 2000. \u00a9 Pierre Gernez<\/figcaption><\/figure>\n\n\n\n<p><strong>401 FEMMES<\/strong><\/p>\n\n\n\n<p><strong>Motif de d\u00e9portation&nbsp;:<\/strong> R\u00e9sistantes et victimes de r\u00e9pression<\/p>\n\n\n\n<p><strong>Lieu d\u2019internement&nbsp;:<\/strong> Fort de Romainville aux Lilas<\/p>\n\n\n\n<p><strong>Gare de d\u00e9portation&nbsp;:<\/strong> Quai aux Bestiaux \u00e0 Pantin<\/p>\n\n\n\n<p><strong>Destination&nbsp;:<\/strong> camp de concentration de Ravensbr\u00fcck<\/p>\n\n\n\n<p><strong>Date d\u2019arriv\u00e9e&nbsp;:<\/strong> samedi 22 avril 1944<\/p>\n\n\n\n<p><strong>Matricules&nbsp;:<\/strong> s\u00e9rie des 35 000<\/p>\n\n\n\n<p><strong>Revenues de D\u00e9portation&nbsp;:<\/strong> 322<\/p>\n\n\n\n<p><strong>CONVOI DU SAMEDI 13 MAI 1944<\/strong><\/p>\n\n\n\n<p><strong>534 FEMMES<\/strong><\/p>\n\n\n\n<p><strong>Motif de d\u00e9portation&nbsp;:<\/strong> R\u00e9sistantes et victimes de r\u00e9pression<\/p>\n\n\n\n<p><strong>Lieu d\u2019internement&nbsp;:<\/strong> Fort de Romainville aux Lilas<\/p>\n\n\n\n<p><strong>Gare de d\u00e9portation&nbsp;:<\/strong> Quai aux Bestiaux \u00e0 Pantin<\/p>\n\n\n\n<p><strong>Destination&nbsp;:<\/strong> camp de concentration de Ravensbr\u00fcck<\/p>\n\n\n\n<p><strong>Date d\u2019arriv\u00e9e&nbsp;:<\/strong> jeudi 18 mai 1944<\/p>\n\n\n\n<p><strong>Matricules&nbsp;:<\/strong> s\u00e9ries des 38&nbsp;000 et 39 000<\/p>\n\n\n\n<p><strong>Revenues de D\u00e9portation&nbsp;:<\/strong> 440<\/p>\n\n\n\n<figure class=\"wp-block-image size-large\"><img loading=\"lazy\" decoding=\"async\" width=\"1024\" height=\"682\" src=\"http:\/\/festivallaresistanceaucinema.fr\/wp-content\/uploads\/2024\/05\/wagon-2-2-1024x682.jpg\" alt=\"\" class=\"wp-image-1292\" srcset=\"https:\/\/festivallaresistanceaucinema.fr\/wp-content\/uploads\/2024\/05\/wagon-2-2-1024x682.jpg 1024w, https:\/\/festivallaresistanceaucinema.fr\/wp-content\/uploads\/2024\/05\/wagon-2-2-300x200.jpg 300w, https:\/\/festivallaresistanceaucinema.fr\/wp-content\/uploads\/2024\/05\/wagon-2-2-768x511.jpg 768w, https:\/\/festivallaresistanceaucinema.fr\/wp-content\/uploads\/2024\/05\/wagon-2-2.jpg 1532w\" sizes=\"(max-width: 1024px) 100vw, 1024px\" \/><figcaption class=\"wp-element-caption\">Le site du Quai aux Bestiaux \u00e0 Pantin mai 2000. \u00a9 Pierre Gernez<\/figcaption><\/figure>\n\n\n\n<p><strong>CONVOI DU VENDREDI 11 AOUT 1944<\/strong><\/p>\n\n\n\n<p><strong>78 FEMMES<\/strong><\/p>\n\n\n\n<p><strong>Motif de d\u00e9portation&nbsp;:<\/strong> R\u00e9sistantes et victimes de r\u00e9pression<\/p>\n\n\n\n<p><strong>Lieux d\u2019internement&nbsp;:<\/strong> Fort de Romainville aux Lilas et prison de Fresnes<\/p>\n\n\n\n<p><strong>Gare de d\u00e9portation&nbsp;:<\/strong> Quai aux Bestiaux \u00e0 Pantin<\/p>\n\n\n\n<p><strong>Destination&nbsp;:<\/strong> camp de concentration de Ravensbr\u00fcck<\/p>\n\n\n\n<p><strong>Dates d\u2019arriv\u00e9e&nbsp;:<\/strong> samedi 26 ao\u00fbt et samedi 2 septembre 1944<\/p>\n\n\n\n<p><strong>Matricules :<\/strong>&nbsp;&nbsp;&nbsp; s\u00e9rie des 52000 pour celles arriv\u00e9es le 26 ao\u00fbt<\/p>\n\n\n\n<p>                            s\u00e9rie des 61000 pour celles arriv\u00e9es le 2 septembre<\/p>\n\n\n\n<p><strong>Revenues de D\u00e9portation&nbsp;:<\/strong> 61<\/p>\n\n\n\n<p><strong>CONVOI DU MARDI 15 AOUT 1944<\/strong><\/p>\n\n\n\n<figure class=\"wp-block-image size-large\"><img loading=\"lazy\" decoding=\"async\" width=\"1024\" height=\"766\" src=\"http:\/\/festivallaresistanceaucinema.fr\/wp-content\/uploads\/2024\/05\/quai-2-1024x766.jpg\" alt=\"\" class=\"wp-image-1291\" srcset=\"https:\/\/festivallaresistanceaucinema.fr\/wp-content\/uploads\/2024\/05\/quai-2-1024x766.jpg 1024w, https:\/\/festivallaresistanceaucinema.fr\/wp-content\/uploads\/2024\/05\/quai-2-300x224.jpg 300w, https:\/\/festivallaresistanceaucinema.fr\/wp-content\/uploads\/2024\/05\/quai-2-768x575.jpg 768w, https:\/\/festivallaresistanceaucinema.fr\/wp-content\/uploads\/2024\/05\/quai-2-1536x1149.jpg 1536w, https:\/\/festivallaresistanceaucinema.fr\/wp-content\/uploads\/2024\/05\/quai-2-2048x1532.jpg 2048w\" sizes=\"(max-width: 1024px) 100vw, 1024px\" \/><figcaption class=\"wp-element-caption\">Photographie du tournage du film \u00ab\u00a0Paris br\u00fble-t-il ?\u00a0\u00bb de Ren\u00e9 Cl\u00e9ment sur le Quai aux Bestiaux \u00e0 Pantin en 1965. <br>\u00a9 Raymond Voinquel<\/figcaption><\/figure>\n\n\n\n<p><strong>2&nbsp;216 d\u00e9port\u00e9.es r\u00e9sistant.es et victimes de r\u00e9pression<\/strong><\/p>\n\n\n\n<p><strong>1655 HOMMES<\/strong> dont <strong>168 aviateurs alli\u00e9s<\/strong> &#8211; <strong>561 FEMMES<\/strong> &#8211;<\/p>\n\n\n\n<p><strong>Lieux d\u2019internement&nbsp;: <\/strong>prisons de Fresnes, prison du Cherche Midi \u00e0 Paris et Fort de Romainville aux Lilas<\/p>\n\n\n\n<p><strong>Gare de d\u00e9portation&nbsp;:<\/strong> Quai aux Bestiaux \u00e0 Pantin<\/p>\n\n\n\n<p><strong>Destinations&nbsp;:<\/strong>&nbsp;&nbsp; Camp de concentration de Buchenwald pour les hommes<\/p>\n\n\n\n<p>Camp de concentration de Ravensbr\u00fcck pour les femmes<\/p>\n\n\n\n<p><strong>Date d\u2019arriv\u00e9e au camp de Buchenwald&nbsp;: <\/strong>dimanche 20 ao\u00fbt 1944<\/p>\n\n\n\n<p><strong>Date d\u2019arriv\u00e9e au camp de Ravensbr\u00fcck&nbsp;:<\/strong> lundi 21 ao\u00fbt 1944<\/p>\n\n\n\n<p><strong>Matricules \u00e0 Buchenwald&nbsp;:<\/strong> s\u00e9ries des 76800 \u00e0 78500<\/p>\n\n\n\n<p><strong>Matricules \u00e0 Ravensbr\u00fcck&nbsp;:<\/strong> s\u00e9rie des 57000<\/p>\n\n\n\n<p><strong>Revenu.es de D\u00e9portation : <\/strong>1170 &#8211; 68% des femmes et 45% des hommes d\u00e9port\u00e9.es de ce convoi ont surv\u00e9cu<\/p>\n\n\n\n<figure class=\"wp-block-image size-large\"><img loading=\"lazy\" decoding=\"async\" width=\"1024\" height=\"930\" src=\"http:\/\/festivallaresistanceaucinema.fr\/wp-content\/uploads\/2024\/04\/CARTE_CONVOI-TF-1024x930.jpg\" alt=\"\" class=\"wp-image-1281\" srcset=\"https:\/\/festivallaresistanceaucinema.fr\/wp-content\/uploads\/2024\/04\/CARTE_CONVOI-TF-1024x930.jpg 1024w, https:\/\/festivallaresistanceaucinema.fr\/wp-content\/uploads\/2024\/04\/CARTE_CONVOI-TF-300x273.jpg 300w, https:\/\/festivallaresistanceaucinema.fr\/wp-content\/uploads\/2024\/04\/CARTE_CONVOI-TF-768x698.jpg 768w, https:\/\/festivallaresistanceaucinema.fr\/wp-content\/uploads\/2024\/04\/CARTE_CONVOI-TF-1536x1395.jpg 1536w, https:\/\/festivallaresistanceaucinema.fr\/wp-content\/uploads\/2024\/04\/CARTE_CONVOI-TF-2048x1860.jpg 2048w\" sizes=\"(max-width: 1024px) 100vw, 1024px\" \/><\/figure>\n\n\n\n<p><strong>Sources&nbsp;:<\/strong> Thomas Fontaine, Rails &amp; Histoire \/ Ville de Pantin<\/p>\n\n\n\n<p class=\"has-medium-font-size\"><strong>Lundi 13 mai 2024 \u00e0 17h30, Quai aux Bestiaux, entr\u00e9e n\u00b0100, rue Cartier-Bresson \u00e0 Pantin.<\/strong><\/p>\n\n\n\n\n\n\n\n\n","protected":false},"excerpt":{"rendered":"<p>Lundi 13 mai 2024 \u00e0 17h30, la Ville de Pantin en partenariat avec le Mus\u00e9e de la R\u00e9sistance nationale, les associations des Amis du Mus\u00e9e de la R\u00e9sistance nationale de Seine-Saint-Denis, des Amis de la Fondation de la M\u00e9moire de &hellip; <a href=\"https:\/\/festivallaresistanceaucinema.fr\/?p=1279\">Continuer la lecture <span class=\"meta-nav\">&rarr;<\/span><\/a><\/p>\n","protected":false},"author":3,"featured_media":0,"comment_status":"closed","ping_status":"","sticky":false,"template":"","format":"standard","meta":{"footnotes":""},"categories":[8],"tags":[],"_links":{"self":[{"href":"https:\/\/festivallaresistanceaucinema.fr\/index.php?rest_route=\/wp\/v2\/posts\/1279"}],"collection":[{"href":"https:\/\/festivallaresistanceaucinema.fr\/index.php?rest_route=\/wp\/v2\/posts"}],"about":[{"href":"https:\/\/festivallaresistanceaucinema.fr\/index.php?rest_route=\/wp\/v2\/types\/post"}],"author":[{"embeddable":true,"href":"https:\/\/festivallaresistanceaucinema.fr\/index.php?rest_route=\/wp\/v2\/users\/3"}],"replies":[{"embeddable":true,"href":"https:\/\/festivallaresistanceaucinema.fr\/index.php?rest_route=%2Fwp%2Fv2%2Fcomments&post=1279"}],"version-history":[{"count":5,"href":"https:\/\/festivallaresistanceaucinema.fr\/index.php?rest_route=\/wp\/v2\/posts\/1279\/revisions"}],"predecessor-version":[{"id":1296,"href":"https:\/\/festivallaresistanceaucinema.fr\/index.php?rest_route=\/wp\/v2\/posts\/1279\/revisions\/1296"}],"wp:attachment":[{"href":"https:\/\/festivallaresistanceaucinema.fr\/index.php?rest_route=%2Fwp%2Fv2%2Fmedia&parent=1279"}],"wp:term":[{"taxonomy":"category","embeddable":true,"href":"https:\/\/festivallaresistanceaucinema.fr\/index.php?rest_route=%2Fwp%2Fv2%2Fcategories&post=1279"},{"taxonomy":"post_tag","embeddable":true,"href":"https:\/\/festivallaresistanceaucinema.fr\/index.php?rest_route=%2Fwp%2Fv2%2Ftags&post=1279"}],"curies":[{"name":"wp","href":"https:\/\/api.w.org\/{rel}","templated":true}]}}