{"id":1082,"date":"2023-08-12T17:42:07","date_gmt":"2023-08-12T15:42:07","guid":{"rendered":"http:\/\/festivallaresistanceaucinema.fr\/?p=1082"},"modified":"2023-09-09T14:42:43","modified_gmt":"2023-09-09T12:42:43","slug":"pantin-18-avril-13-mai-11-15-aout-1944","status":"publish","type":"post","link":"https:\/\/festivallaresistanceaucinema.fr\/?p=1082","title":{"rendered":"\u00ab\u00a0Pantin, 18 avril, 13 mai, 11 &#038; 15 ao\u00fbt 1944\u00a0\u00bb"},"content":{"rendered":"\n<p>Vendredi 11 ao\u00fbt dernier a eu lieu \u00e0 Pantin la traditionnelle c\u00e9r\u00e9monie comm\u00e9morative des d\u00e9parts de quatre convois de D\u00e9portation partis du Quai aux Bestiaux vers les bagnes nazis de Ravensbr\u00fcck pour les femmes et Buchenwald pour les hommes. <\/p>\n\n\n\n<p>Le dernier train du mardi 15 ao\u00fbt 1944 a \u00e9t\u00e9 le plus grand convoi de d\u00e9port\u00e9.e.s de toute l&rsquo;Occupation en France.<\/p>\n\n\n\n<p>C\u00e9r\u00e9monie \u00e0 l&rsquo;initiative du comit\u00e9 d&rsquo;entente des Anciens Combattants de Pantin, l&rsquo;ARAC (Association R\u00e9publicaine des Anciens Combattants et victimes de guerre, des combattants pour l&rsquo;amiti\u00e9, la solidarit\u00e9, la m\u00e9moire, l&rsquo;anti-fascisme, et la paix), des Amis de la Fondation pour la M\u00e9moire de la D\u00e9portation et des Amis du Mus\u00e9e de la R\u00e9sistance nationale de Seine-Saint-Denis. <\/p>\n\n\n\n<p>Quelques photos de Fran\u00e7ois Wehrbach, photographe<\/p>\n\n\n\n<figure class=\"wp-block-image size-large\"><img loading=\"lazy\" decoding=\"async\" width=\"1024\" height=\"684\" src=\"http:\/\/festivallaresistanceaucinema.fr\/wp-content\/uploads\/2023\/08\/2023-08-11-44FWehrbach-Quai-aux-bestiaux-4-1024x684.jpg\" alt=\"\" class=\"wp-image-1099\" srcset=\"https:\/\/festivallaresistanceaucinema.fr\/wp-content\/uploads\/2023\/08\/2023-08-11-44FWehrbach-Quai-aux-bestiaux-4-1024x684.jpg 1024w, https:\/\/festivallaresistanceaucinema.fr\/wp-content\/uploads\/2023\/08\/2023-08-11-44FWehrbach-Quai-aux-bestiaux-4-300x200.jpg 300w, https:\/\/festivallaresistanceaucinema.fr\/wp-content\/uploads\/2023\/08\/2023-08-11-44FWehrbach-Quai-aux-bestiaux-4-768x513.jpg 768w, https:\/\/festivallaresistanceaucinema.fr\/wp-content\/uploads\/2023\/08\/2023-08-11-44FWehrbach-Quai-aux-bestiaux-4-1536x1025.jpg 1536w, https:\/\/festivallaresistanceaucinema.fr\/wp-content\/uploads\/2023\/08\/2023-08-11-44FWehrbach-Quai-aux-bestiaux-4-2048x1367.jpg 2048w\" sizes=\"(max-width: 1024px) 100vw, 1024px\" \/><figcaption class=\"wp-element-caption\">C\u00e9r\u00e9monie du souvenir des quatre convois de d\u00e9port\u00e9.e.s partis du Quai aux Bestiaux \u00e0 Pantin au printemps et \u00e0 l&rsquo;\u00e9t\u00e9 1944 \u00a9 Fran\u00e7ois Wehrbach<\/figcaption><\/figure>\n\n\n\n<figure class=\"wp-block-image size-large\"><img loading=\"lazy\" decoding=\"async\" width=\"1024\" height=\"768\" src=\"http:\/\/festivallaresistanceaucinema.fr\/wp-content\/uploads\/2023\/08\/2023-08-11-38FWehrbach-Quai-aux-bestiaux-1024x768.jpg\" alt=\"\" class=\"wp-image-1086\" srcset=\"https:\/\/festivallaresistanceaucinema.fr\/wp-content\/uploads\/2023\/08\/2023-08-11-38FWehrbach-Quai-aux-bestiaux-1024x768.jpg 1024w, https:\/\/festivallaresistanceaucinema.fr\/wp-content\/uploads\/2023\/08\/2023-08-11-38FWehrbach-Quai-aux-bestiaux-300x225.jpg 300w, https:\/\/festivallaresistanceaucinema.fr\/wp-content\/uploads\/2023\/08\/2023-08-11-38FWehrbach-Quai-aux-bestiaux-768x576.jpg 768w, https:\/\/festivallaresistanceaucinema.fr\/wp-content\/uploads\/2023\/08\/2023-08-11-38FWehrbach-Quai-aux-bestiaux-1536x1152.jpg 1536w, https:\/\/festivallaresistanceaucinema.fr\/wp-content\/uploads\/2023\/08\/2023-08-11-38FWehrbach-Quai-aux-bestiaux-2048x1536.jpg 2048w\" sizes=\"(max-width: 1024px) 100vw, 1024px\" \/><figcaption class=\"wp-element-caption\">Le monument actuel au Quai aux Bestiaux a \u00e9t\u00e9 inaugur\u00e9 le 4 mai 2000 \u00e0 l&rsquo;initiative des Amis du Mus\u00e9e de la R\u00e9sistance nationale de Seine-Saint-Denis et de la municipalit\u00e9 pantinoise \u00a9 Fran\u00e7ois Wehrbach<\/figcaption><\/figure>\n\n\n\n<figure class=\"wp-block-image size-large\"><img loading=\"lazy\" decoding=\"async\" width=\"1024\" height=\"768\" src=\"http:\/\/festivallaresistanceaucinema.fr\/wp-content\/uploads\/2023\/08\/2023-08-11-12FWehrbach-Quai-aux-bestiaux-1024x768.jpg\" alt=\"\" class=\"wp-image-1083\" srcset=\"https:\/\/festivallaresistanceaucinema.fr\/wp-content\/uploads\/2023\/08\/2023-08-11-12FWehrbach-Quai-aux-bestiaux-1024x768.jpg 1024w, https:\/\/festivallaresistanceaucinema.fr\/wp-content\/uploads\/2023\/08\/2023-08-11-12FWehrbach-Quai-aux-bestiaux-300x225.jpg 300w, https:\/\/festivallaresistanceaucinema.fr\/wp-content\/uploads\/2023\/08\/2023-08-11-12FWehrbach-Quai-aux-bestiaux-768x576.jpg 768w, https:\/\/festivallaresistanceaucinema.fr\/wp-content\/uploads\/2023\/08\/2023-08-11-12FWehrbach-Quai-aux-bestiaux-1536x1152.jpg 1536w, https:\/\/festivallaresistanceaucinema.fr\/wp-content\/uploads\/2023\/08\/2023-08-11-12FWehrbach-Quai-aux-bestiaux-2048x1536.jpg 2048w\" sizes=\"(max-width: 1024px) 100vw, 1024px\" \/><figcaption class=\"wp-element-caption\">Le site ferroviaire pantinois du \u00ab\u00a0Quai aux Bestiaux\u00a0\u00bb \u00a9 Fran\u00e7ois Wehrbach<\/figcaption><\/figure>\n\n\n\n<figure class=\"wp-block-image size-large\"><img loading=\"lazy\" decoding=\"async\" width=\"768\" height=\"1024\" src=\"http:\/\/festivallaresistanceaucinema.fr\/wp-content\/uploads\/2023\/08\/2023-08-11-24FWehrbach-Quai-aux-bestiaux-768x1024.jpg\" alt=\"\" class=\"wp-image-1084\" srcset=\"https:\/\/festivallaresistanceaucinema.fr\/wp-content\/uploads\/2023\/08\/2023-08-11-24FWehrbach-Quai-aux-bestiaux-768x1024.jpg 768w, https:\/\/festivallaresistanceaucinema.fr\/wp-content\/uploads\/2023\/08\/2023-08-11-24FWehrbach-Quai-aux-bestiaux-225x300.jpg 225w, https:\/\/festivallaresistanceaucinema.fr\/wp-content\/uploads\/2023\/08\/2023-08-11-24FWehrbach-Quai-aux-bestiaux-1152x1536.jpg 1152w, https:\/\/festivallaresistanceaucinema.fr\/wp-content\/uploads\/2023\/08\/2023-08-11-24FWehrbach-Quai-aux-bestiaux-1536x2048.jpg 1536w, https:\/\/festivallaresistanceaucinema.fr\/wp-content\/uploads\/2023\/08\/2023-08-11-24FWehrbach-Quai-aux-bestiaux-scaled.jpg 1920w\" sizes=\"(max-width: 768px) 100vw, 768px\" \/><figcaption class=\"wp-element-caption\">Le Quai aux Bestiaux, am\u00e9nag\u00e9 au XIXe si\u00e8cle, non loin des abattoirs de La Villette \u00e0 Paris \u00a9 Fran\u00e7ois Wehrbach<\/figcaption><\/figure>\n\n\n\n<figure class=\"wp-block-image size-large\"><img loading=\"lazy\" decoding=\"async\" width=\"684\" height=\"1024\" src=\"http:\/\/festivallaresistanceaucinema.fr\/wp-content\/uploads\/2023\/08\/2023-08-11-30FWehrbach-Quai-aux-bestiaux-684x1024.jpg\" alt=\"\" class=\"wp-image-1085\" srcset=\"https:\/\/festivallaresistanceaucinema.fr\/wp-content\/uploads\/2023\/08\/2023-08-11-30FWehrbach-Quai-aux-bestiaux-684x1024.jpg 684w, https:\/\/festivallaresistanceaucinema.fr\/wp-content\/uploads\/2023\/08\/2023-08-11-30FWehrbach-Quai-aux-bestiaux-200x300.jpg 200w, https:\/\/festivallaresistanceaucinema.fr\/wp-content\/uploads\/2023\/08\/2023-08-11-30FWehrbach-Quai-aux-bestiaux-768x1150.jpg 768w, https:\/\/festivallaresistanceaucinema.fr\/wp-content\/uploads\/2023\/08\/2023-08-11-30FWehrbach-Quai-aux-bestiaux-1025x1536.jpg 1025w, https:\/\/festivallaresistanceaucinema.fr\/wp-content\/uploads\/2023\/08\/2023-08-11-30FWehrbach-Quai-aux-bestiaux-1367x2048.jpg 1367w, https:\/\/festivallaresistanceaucinema.fr\/wp-content\/uploads\/2023\/08\/2023-08-11-30FWehrbach-Quai-aux-bestiaux-scaled.jpg 1709w\" sizes=\"(max-width: 684px) 100vw, 684px\" \/><figcaption class=\"wp-element-caption\">Jeu d&rsquo;ombres et de lumi\u00e8re au Quai aux Bestiaux \u00e0 Pantin \u00a9 Fran\u00e7ois Wehrbach<\/figcaption><\/figure>\n\n\n","protected":false},"excerpt":{"rendered":"<p>Vendredi 11 ao\u00fbt dernier a eu lieu \u00e0 Pantin la traditionnelle c\u00e9r\u00e9monie comm\u00e9morative des d\u00e9parts de quatre convois de D\u00e9portation partis du Quai aux Bestiaux vers les bagnes nazis de Ravensbr\u00fcck pour les femmes et Buchenwald pour les hommes. Le &hellip; <a href=\"https:\/\/festivallaresistanceaucinema.fr\/?p=1082\">Continuer la lecture <span class=\"meta-nav\">&rarr;<\/span><\/a><\/p>\n","protected":false},"author":3,"featured_media":0,"comment_status":"closed","ping_status":"closed","sticky":false,"template":"","format":"standard","meta":{"footnotes":""},"categories":[8],"tags":[],"_links":{"self":[{"href":"https:\/\/festivallaresistanceaucinema.fr\/index.php?rest_route=\/wp\/v2\/posts\/1082"}],"collection":[{"href":"https:\/\/festivallaresistanceaucinema.fr\/index.php?rest_route=\/wp\/v2\/posts"}],"about":[{"href":"https:\/\/festivallaresistanceaucinema.fr\/index.php?rest_route=\/wp\/v2\/types\/post"}],"author":[{"embeddable":true,"href":"https:\/\/festivallaresistanceaucinema.fr\/index.php?rest_route=\/wp\/v2\/users\/3"}],"replies":[{"embeddable":true,"href":"https:\/\/festivallaresistanceaucinema.fr\/index.php?rest_route=%2Fwp%2Fv2%2Fcomments&post=1082"}],"version-history":[{"count":7,"href":"https:\/\/festivallaresistanceaucinema.fr\/index.php?rest_route=\/wp\/v2\/posts\/1082\/revisions"}],"predecessor-version":[{"id":1103,"href":"https:\/\/festivallaresistanceaucinema.fr\/index.php?rest_route=\/wp\/v2\/posts\/1082\/revisions\/1103"}],"wp:attachment":[{"href":"https:\/\/festivallaresistanceaucinema.fr\/index.php?rest_route=%2Fwp%2Fv2%2Fmedia&parent=1082"}],"wp:term":[{"taxonomy":"category","embeddable":true,"href":"https:\/\/festivallaresistanceaucinema.fr\/index.php?rest_route=%2Fwp%2Fv2%2Fcategories&post=1082"},{"taxonomy":"post_tag","embeddable":true,"href":"https:\/\/festivallaresistanceaucinema.fr\/index.php?rest_route=%2Fwp%2Fv2%2Ftags&post=1082"}],"curies":[{"name":"wp","href":"https:\/\/api.w.org\/{rel}","templated":true}]}}