{"id":1,"date":"2021-01-19T23:16:14","date_gmt":"2021-01-19T22:16:14","guid":{"rendered":"http:\/\/festivallaresistanceaucinema.fr\/?p=1"},"modified":"2023-03-02T15:09:05","modified_gmt":"2023-03-02T14:09:05","slug":"bonjour-tout-le-monde","status":"publish","type":"post","link":"https:\/\/festivallaresistanceaucinema.fr\/?p=1","title":{"rendered":"Bonjour tout le monde\u00a0!"},"content":{"rendered":"\n<p>Nous sommes heureux de vous accueillir sur notre site con\u00e7u pour vous informer sur le <\/p>\n\n\n\n<p>Le festival La R\u00e9sistance au Cin\u00e9ma qui se d\u00e9roule en Seine Saint Denis depuis 2005. <\/p>\n\n\n\n<figure class=\"wp-block-image size-large\"><img loading=\"lazy\" decoding=\"async\" width=\"220\" height=\"175\" src=\"http:\/\/festivallaresistanceaucinema.fr\/wp-content\/uploads\/2021\/01\/s_to-be-or-not-t-be.png\" alt=\"\" class=\"wp-image-13\"\/><figcaption class=\"wp-element-caption\">to be or not to be<\/figcaption><\/figure>\n\n\n\n<p><\/p>\n","protected":false},"excerpt":{"rendered":"<p>Nous sommes heureux de vous accueillir sur notre site con\u00e7u pour vous informer sur le Le festival La R\u00e9sistance au Cin\u00e9ma qui se d\u00e9roule en Seine Saint Denis depuis 2005.<\/p>\n","protected":false},"author":2,"featured_media":0,"comment_status":"closed","ping_status":"open","sticky":false,"template":"","format":"standard","meta":{"footnotes":""},"categories":[8],"tags":[],"_links":{"self":[{"href":"https:\/\/festivallaresistanceaucinema.fr\/index.php?rest_route=\/wp\/v2\/posts\/1"}],"collection":[{"href":"https:\/\/festivallaresistanceaucinema.fr\/index.php?rest_route=\/wp\/v2\/posts"}],"about":[{"href":"https:\/\/festivallaresistanceaucinema.fr\/index.php?rest_route=\/wp\/v2\/types\/post"}],"author":[{"embeddable":true,"href":"https:\/\/festivallaresistanceaucinema.fr\/index.php?rest_route=\/wp\/v2\/users\/2"}],"replies":[{"embeddable":true,"href":"https:\/\/festivallaresistanceaucinema.fr\/index.php?rest_route=%2Fwp%2Fv2%2Fcomments&post=1"}],"version-history":[{"count":2,"href":"https:\/\/festivallaresistanceaucinema.fr\/index.php?rest_route=\/wp\/v2\/posts\/1\/revisions"}],"predecessor-version":[{"id":869,"href":"https:\/\/festivallaresistanceaucinema.fr\/index.php?rest_route=\/wp\/v2\/posts\/1\/revisions\/869"}],"wp:attachment":[{"href":"https:\/\/festivallaresistanceaucinema.fr\/index.php?rest_route=%2Fwp%2Fv2%2Fmedia&parent=1"}],"wp:term":[{"taxonomy":"category","embeddable":true,"href":"https:\/\/festivallaresistanceaucinema.fr\/index.php?rest_route=%2Fwp%2Fv2%2Fcategories&post=1"},{"taxonomy":"post_tag","embeddable":true,"href":"https:\/\/festivallaresistanceaucinema.fr\/index.php?rest_route=%2Fwp%2Fv2%2Ftags&post=1"}],"curies":[{"name":"wp","href":"https:\/\/api.w.org\/{rel}","templated":true}]}}