{"id":723,"date":"2022-12-19T11:23:11","date_gmt":"2022-12-19T10:23:11","guid":{"rendered":"http:\/\/festivallaresistanceaucinema.fr\/?p=723"},"modified":"2024-04-25T18:21:11","modified_gmt":"2024-04-25T16:21:11","slug":"723","status":"publish","type":"post","link":"http:\/\/festivallaresistanceaucinema.fr\/?p=723","title":{"rendered":""},"content":{"rendered":"\n<figure class=\"wp-block-image size-large\"><img loading=\"lazy\" decoding=\"async\" width=\"724\" height=\"1024\" src=\"http:\/\/festivallaresistanceaucinema.fr\/wp-content\/uploads\/2022\/12\/revueNotreMusee-724x1024.jpg\" alt=\"\" class=\"wp-image-724\" srcset=\"http:\/\/festivallaresistanceaucinema.fr\/wp-content\/uploads\/2022\/12\/revueNotreMusee-724x1024.jpg 724w, http:\/\/festivallaresistanceaucinema.fr\/wp-content\/uploads\/2022\/12\/revueNotreMusee-212x300.jpg 212w, http:\/\/festivallaresistanceaucinema.fr\/wp-content\/uploads\/2022\/12\/revueNotreMusee-768x1086.jpg 768w, http:\/\/festivallaresistanceaucinema.fr\/wp-content\/uploads\/2022\/12\/revueNotreMusee-1086x1536.jpg 1086w, http:\/\/festivallaresistanceaucinema.fr\/wp-content\/uploads\/2022\/12\/revueNotreMusee-1448x2048.jpg 1448w, http:\/\/festivallaresistanceaucinema.fr\/wp-content\/uploads\/2022\/12\/revueNotreMusee-scaled.jpg 1810w\" sizes=\"(max-width: 724px) 100vw, 724px\" \/><figcaption class=\"wp-element-caption\">Article publi\u00e9 dans la revue \u00ab\u00a0Notre Mus\u00e9e\u00a0\u00bb du Mus\u00e9e de la R\u00e9sistance nationale d\u00e9cembre 2022<\/figcaption><\/figure>\n","protected":false},"excerpt":{"rendered":"","protected":false},"author":3,"featured_media":0,"comment_status":"closed","ping_status":"closed","sticky":false,"template":"","format":"standard","meta":{"footnotes":""},"categories":[8],"tags":[],"_links":{"self":[{"href":"http:\/\/festivallaresistanceaucinema.fr\/index.php?rest_route=\/wp\/v2\/posts\/723"}],"collection":[{"href":"http:\/\/festivallaresistanceaucinema.fr\/index.php?rest_route=\/wp\/v2\/posts"}],"about":[{"href":"http:\/\/festivallaresistanceaucinema.fr\/index.php?rest_route=\/wp\/v2\/types\/post"}],"author":[{"embeddable":true,"href":"http:\/\/festivallaresistanceaucinema.fr\/index.php?rest_route=\/wp\/v2\/users\/3"}],"replies":[{"embeddable":true,"href":"http:\/\/festivallaresistanceaucinema.fr\/index.php?rest_route=%2Fwp%2Fv2%2Fcomments&post=723"}],"version-history":[{"count":1,"href":"http:\/\/festivallaresistanceaucinema.fr\/index.php?rest_route=\/wp\/v2\/posts\/723\/revisions"}],"predecessor-version":[{"id":725,"href":"http:\/\/festivallaresistanceaucinema.fr\/index.php?rest_route=\/wp\/v2\/posts\/723\/revisions\/725"}],"wp:attachment":[{"href":"http:\/\/festivallaresistanceaucinema.fr\/index.php?rest_route=%2Fwp%2Fv2%2Fmedia&parent=723"}],"wp:term":[{"taxonomy":"category","embeddable":true,"href":"http:\/\/festivallaresistanceaucinema.fr\/index.php?rest_route=%2Fwp%2Fv2%2Fcategories&post=723"},{"taxonomy":"post_tag","embeddable":true,"href":"http:\/\/festivallaresistanceaucinema.fr\/index.php?rest_route=%2Fwp%2Fv2%2Ftags&post=723"}],"curies":[{"name":"wp","href":"https:\/\/api.w.org\/{rel}","templated":true}]}}