{"id":548,"date":"2022-05-17T10:15:34","date_gmt":"2022-05-17T08:15:34","guid":{"rendered":"http:\/\/festivallaresistanceaucinema.fr\/?p=548"},"modified":"2024-04-25T18:22:50","modified_gmt":"2024-04-25T16:22:50","slug":"journee-nationale-de-la-resistance","status":"publish","type":"post","link":"http:\/\/festivallaresistanceaucinema.fr\/?p=548","title":{"rendered":"Journ\u00e9e nationale de la R\u00e9sistance"},"content":{"rendered":"\n<p><em><strong>Cette ann\u00e9e, les Amis du Mus\u00e9e de la R\u00e9sistance nationale de Seine-Saint-Denis comm\u00e9morent la journ\u00e9e nationale de la R\u00e9sistance avec la pi\u00e8ce de th\u00e9\u00e2tre \u00ab\u00a0Grand-peur &amp; Mis\u00e8re du IIIe Reich\u00a0\u00bb de Bertolt Brecht samedi 21 mai 2022<\/strong><\/em><strong><em> \u00e0 Montreuil<\/em><\/strong>.<strong><em> Entr\u00e9e gratuite.<\/em><\/strong><\/p>\n\n\n\n<figure class=\"wp-block-image size-full\"><img loading=\"lazy\" decoding=\"async\" width=\"554\" height=\"397\" src=\"http:\/\/festivallaresistanceaucinema.fr\/wp-content\/uploads\/2022\/05\/21-mai-brecht-pour-internet.jpg\" alt=\"\" class=\"wp-image-549\" srcset=\"http:\/\/festivallaresistanceaucinema.fr\/wp-content\/uploads\/2022\/05\/21-mai-brecht-pour-internet.jpg 554w, http:\/\/festivallaresistanceaucinema.fr\/wp-content\/uploads\/2022\/05\/21-mai-brecht-pour-internet-300x215.jpg 300w\" sizes=\"(max-width: 554px) 100vw, 554px\" \/><\/figure>\n\n\n\n<p>Ecrite entre 1935 et 1938 par Bertolt Brecht avec l&rsquo;aide de Margarete Steffin, actrice et \u00e9crivaine allemande, la pi\u00e8ce <em><strong>Furcht und Elend des Dritten Reiches<\/strong><\/em> fut cr\u00e9\u00e9e en 1938. \u00ab\u00a0Grand-peur et mis\u00e8re du IIIe Reich\u00a0\u00bb se compose de vingt-quatre sc\u00e8nes qui dressent un portrait de la soci\u00e9t\u00e9 allemande depuis l\u2019av\u00e8nement d&rsquo;Adolf Hitler jusqu\u2019aux pr\u00e9mices de la guerre sans toutefois suivre une chronologie rigoureuse. Brecht s\u2019est directement inspir\u00e9 de r\u00e9cits de t\u00e9moins oculaires et d\u2019extraits de journaux pour composer ce texte qui montre l\u2019enracinement profond du r\u00e9gime nazi dans toutes les sph\u00e8res du peuple allemand.<\/p>\n\n\n\n<p>On y voit tour \u00e0 tour la bourgeoisie, le corps m\u00e9dical, la justice, les enfants, les prisonniers, etc. \u00e9voluer face au r\u00e9gime.<\/p>\n\n\n\n<p>Le Mouchard est une des vingt-quatre sc\u00e8nes qui composent cette pi\u00e8ce. Elle raconte l&rsquo;histoire d&rsquo;un couple allemand qui est persuad\u00e9 que leur enfant est parti les d\u00e9noncer \u00e0 la Gestapo car le p\u00e8re, bien que patriote, vient de formuler quelques critiques \u00e0 l&rsquo;encontre du r\u00e9gime. Cette sc\u00e8ne exprime fort bien le climat de suspicion, la politique de d\u00e9lation, l\u2019atmosph\u00e8re de parano\u00efa et d&rsquo;endoctrinement qui r\u00e9gnaient sous le III<sup>e<\/sup> Reich.<\/p>\n\n\n\n<p>Pi\u00e8ce mise en sc\u00e8ne par la <strong>compagnie \u00ab\u00a0L&rsquo;Arbre Sec\u00a0\u00bb<\/strong>, suivie d&rsquo;un \u00e9change avec <strong>Eric Lafon, directeur scientifique du Mus\u00e9e de l&rsquo;Histoire vivante de Montreuil<\/strong> http:\/\/www.museehistoirevivante.fr\/<\/p>\n\n\n\n<p><strong>L&rsquo;initiative est organis\u00e9e par les associations Promn\u00e9sie, les Amis du Mus\u00e9e de la R\u00e9sistance nationale de Seine-Saint-Denis et les Amis de la Fondation pour la M\u00e9moire de la D\u00e9portation de Seine-Saint-Denis sous le haut patronage du Mus\u00e9e d&rsquo;Histoire vivante de Montreuil avec le soutien de la ville de Montreuil<\/strong><\/p>\n\n\n\n<p><strong>Samedi 21 mai \u00e0 19h30 \u00e0 la salle \u00ab\u00a0R\u00e9sistance\u00a0\u00bb 50, avenue de la R\u00e9sistance \u00e0 Montreuil<\/strong>.<strong><em> <\/em><\/strong><\/p>\n\n\n\n<p><strong><em>Entr\u00e9e gratuite<\/em><\/strong><\/p>\n","protected":false},"excerpt":{"rendered":"<p>Cette ann\u00e9e, les Amis du Mus\u00e9e de la R\u00e9sistance nationale de Seine-Saint-Denis comm\u00e9morent la journ\u00e9e nationale de la R\u00e9sistance avec la pi\u00e8ce de th\u00e9\u00e2tre \u00ab\u00a0Grand-peur &amp; Mis\u00e8re du IIIe Reich\u00a0\u00bb de Bertolt Brecht samedi 21 mai 2022 \u00e0 Montreuil. Entr\u00e9e &hellip; <a href=\"http:\/\/festivallaresistanceaucinema.fr\/?p=548\">Continuer la lecture <span class=\"meta-nav\">&rarr;<\/span><\/a><\/p>\n","protected":false},"author":3,"featured_media":0,"comment_status":"closed","ping_status":"closed","sticky":false,"template":"","format":"standard","meta":{"footnotes":""},"categories":[8],"tags":[],"_links":{"self":[{"href":"http:\/\/festivallaresistanceaucinema.fr\/index.php?rest_route=\/wp\/v2\/posts\/548"}],"collection":[{"href":"http:\/\/festivallaresistanceaucinema.fr\/index.php?rest_route=\/wp\/v2\/posts"}],"about":[{"href":"http:\/\/festivallaresistanceaucinema.fr\/index.php?rest_route=\/wp\/v2\/types\/post"}],"author":[{"embeddable":true,"href":"http:\/\/festivallaresistanceaucinema.fr\/index.php?rest_route=\/wp\/v2\/users\/3"}],"replies":[{"embeddable":true,"href":"http:\/\/festivallaresistanceaucinema.fr\/index.php?rest_route=%2Fwp%2Fv2%2Fcomments&post=548"}],"version-history":[{"count":2,"href":"http:\/\/festivallaresistanceaucinema.fr\/index.php?rest_route=\/wp\/v2\/posts\/548\/revisions"}],"predecessor-version":[{"id":553,"href":"http:\/\/festivallaresistanceaucinema.fr\/index.php?rest_route=\/wp\/v2\/posts\/548\/revisions\/553"}],"wp:attachment":[{"href":"http:\/\/festivallaresistanceaucinema.fr\/index.php?rest_route=%2Fwp%2Fv2%2Fmedia&parent=548"}],"wp:term":[{"taxonomy":"category","embeddable":true,"href":"http:\/\/festivallaresistanceaucinema.fr\/index.php?rest_route=%2Fwp%2Fv2%2Fcategories&post=548"},{"taxonomy":"post_tag","embeddable":true,"href":"http:\/\/festivallaresistanceaucinema.fr\/index.php?rest_route=%2Fwp%2Fv2%2Ftags&post=548"}],"curies":[{"name":"wp","href":"https:\/\/api.w.org\/{rel}","templated":true}]}}