{"id":1459,"date":"2025-03-11T16:13:46","date_gmt":"2025-03-11T15:13:46","guid":{"rendered":"http:\/\/festivallaresistanceaucinema.fr\/?p=1459"},"modified":"2025-04-29T16:19:12","modified_gmt":"2025-04-29T14:19:12","slug":"20e-festival-la-resistance-au-cinema-du-jeudi-20-mars-au-mardi-8-avril-2025-en-seine-saint-denis","status":"publish","type":"post","link":"http:\/\/festivallaresistanceaucinema.fr\/?p=1459","title":{"rendered":"20e festival La R\u00e9sistance au cin\u00e9ma du jeudi 20 mars au mardi 8 avril 2025 en Seine-Saint-Denis"},"content":{"rendered":"\n<p><em>2005-2025. Depuis deux d\u00e9cennies, les Amis du Mus\u00e9e de la R\u00e9sistance nationale de Seine-Saint-Denis organisent le festival cin\u00e9matographique annuel sur la R\u00e9sistance \u00e0 l\u2019occupant nazi et au r\u00e9gime de Vichy et sur la D\u00e9portation. Chaque projection est suivie d&rsquo;une rencontre avec un.e sp\u00e9cialiste-historien.ne ou journaliste sur le th\u00e8me du film. Demandez le programme !<\/em><\/p>\n\n\n\n<figure class=\"wp-block-image size-large\"><img loading=\"lazy\" decoding=\"async\" width=\"722\" height=\"1024\" src=\"http:\/\/festivallaresistanceaucinema.fr\/wp-content\/uploads\/2025\/03\/programmecineresistance_2025-722x1024.jpg\" alt=\"\" class=\"wp-image-1462\" srcset=\"http:\/\/festivallaresistanceaucinema.fr\/wp-content\/uploads\/2025\/03\/programmecineresistance_2025-722x1024.jpg 722w, http:\/\/festivallaresistanceaucinema.fr\/wp-content\/uploads\/2025\/03\/programmecineresistance_2025-211x300.jpg 211w, http:\/\/festivallaresistanceaucinema.fr\/wp-content\/uploads\/2025\/03\/programmecineresistance_2025-768x1090.jpg 768w, http:\/\/festivallaresistanceaucinema.fr\/wp-content\/uploads\/2025\/03\/programmecineresistance_2025-1083x1536.jpg 1083w, http:\/\/festivallaresistanceaucinema.fr\/wp-content\/uploads\/2025\/03\/programmecineresistance_2025-1444x2048.jpg 1444w, http:\/\/festivallaresistanceaucinema.fr\/wp-content\/uploads\/2025\/03\/programmecineresistance_2025.jpg 1457w\" sizes=\"(max-width: 722px) 100vw, 722px\" \/><\/figure>\n\n\n\n<figure class=\"wp-block-image size-large\"><img loading=\"lazy\" decoding=\"async\" width=\"722\" height=\"1024\" src=\"http:\/\/festivallaresistanceaucinema.fr\/wp-content\/uploads\/2025\/03\/programmecineresistance_20252-722x1024.jpg\" alt=\"\" class=\"wp-image-1464\" srcset=\"http:\/\/festivallaresistanceaucinema.fr\/wp-content\/uploads\/2025\/03\/programmecineresistance_20252-722x1024.jpg 722w, http:\/\/festivallaresistanceaucinema.fr\/wp-content\/uploads\/2025\/03\/programmecineresistance_20252-211x300.jpg 211w, http:\/\/festivallaresistanceaucinema.fr\/wp-content\/uploads\/2025\/03\/programmecineresistance_20252-768x1090.jpg 768w, http:\/\/festivallaresistanceaucinema.fr\/wp-content\/uploads\/2025\/03\/programmecineresistance_20252-1083x1536.jpg 1083w, http:\/\/festivallaresistanceaucinema.fr\/wp-content\/uploads\/2025\/03\/programmecineresistance_20252-1444x2048.jpg 1444w, http:\/\/festivallaresistanceaucinema.fr\/wp-content\/uploads\/2025\/03\/programmecineresistance_20252.jpg 1457w\" sizes=\"(max-width: 722px) 100vw, 722px\" \/><\/figure>\n\n\n\n<figure class=\"wp-block-image size-large\"><img loading=\"lazy\" decoding=\"async\" width=\"722\" height=\"1024\" src=\"http:\/\/festivallaresistanceaucinema.fr\/wp-content\/uploads\/2025\/03\/programmecineresistance_20253-722x1024.jpg\" alt=\"\" class=\"wp-image-1465\" srcset=\"http:\/\/festivallaresistanceaucinema.fr\/wp-content\/uploads\/2025\/03\/programmecineresistance_20253-722x1024.jpg 722w, http:\/\/festivallaresistanceaucinema.fr\/wp-content\/uploads\/2025\/03\/programmecineresistance_20253-211x300.jpg 211w, http:\/\/festivallaresistanceaucinema.fr\/wp-content\/uploads\/2025\/03\/programmecineresistance_20253-768x1090.jpg 768w, http:\/\/festivallaresistanceaucinema.fr\/wp-content\/uploads\/2025\/03\/programmecineresistance_20253-1083x1536.jpg 1083w, http:\/\/festivallaresistanceaucinema.fr\/wp-content\/uploads\/2025\/03\/programmecineresistance_20253-1444x2048.jpg 1444w, http:\/\/festivallaresistanceaucinema.fr\/wp-content\/uploads\/2025\/03\/programmecineresistance_20253.jpg 1457w\" sizes=\"(max-width: 722px) 100vw, 722px\" \/><\/figure>\n\n\n\n<figure class=\"wp-block-image size-large\"><img loading=\"lazy\" decoding=\"async\" width=\"722\" height=\"1024\" src=\"http:\/\/festivallaresistanceaucinema.fr\/wp-content\/uploads\/2025\/03\/programmecineresistance_20254-1-722x1024.jpg\" alt=\"\" class=\"wp-image-1477\" srcset=\"http:\/\/festivallaresistanceaucinema.fr\/wp-content\/uploads\/2025\/03\/programmecineresistance_20254-1-722x1024.jpg 722w, http:\/\/festivallaresistanceaucinema.fr\/wp-content\/uploads\/2025\/03\/programmecineresistance_20254-1-211x300.jpg 211w, http:\/\/festivallaresistanceaucinema.fr\/wp-content\/uploads\/2025\/03\/programmecineresistance_20254-1-768x1090.jpg 768w, http:\/\/festivallaresistanceaucinema.fr\/wp-content\/uploads\/2025\/03\/programmecineresistance_20254-1-1083x1536.jpg 1083w, http:\/\/festivallaresistanceaucinema.fr\/wp-content\/uploads\/2025\/03\/programmecineresistance_20254-1-1444x2048.jpg 1444w, http:\/\/festivallaresistanceaucinema.fr\/wp-content\/uploads\/2025\/03\/programmecineresistance_20254-1.jpg 1457w\" sizes=\"(max-width: 722px) 100vw, 722px\" \/><\/figure>\n\n\n\n<figure class=\"wp-block-image size-large\"><img loading=\"lazy\" decoding=\"async\" width=\"722\" height=\"1024\" src=\"http:\/\/festivallaresistanceaucinema.fr\/wp-content\/uploads\/2025\/03\/programmecineresistance_20255-722x1024.jpg\" alt=\"\" class=\"wp-image-1467\" srcset=\"http:\/\/festivallaresistanceaucinema.fr\/wp-content\/uploads\/2025\/03\/programmecineresistance_20255-722x1024.jpg 722w, http:\/\/festivallaresistanceaucinema.fr\/wp-content\/uploads\/2025\/03\/programmecineresistance_20255-211x300.jpg 211w, http:\/\/festivallaresistanceaucinema.fr\/wp-content\/uploads\/2025\/03\/programmecineresistance_20255-768x1090.jpg 768w, http:\/\/festivallaresistanceaucinema.fr\/wp-content\/uploads\/2025\/03\/programmecineresistance_20255-1083x1536.jpg 1083w, http:\/\/festivallaresistanceaucinema.fr\/wp-content\/uploads\/2025\/03\/programmecineresistance_20255-1444x2048.jpg 1444w, http:\/\/festivallaresistanceaucinema.fr\/wp-content\/uploads\/2025\/03\/programmecineresistance_20255.jpg 1457w\" sizes=\"(max-width: 722px) 100vw, 722px\" \/><\/figure>\n\n\n\n<figure class=\"wp-block-image size-large\"><img loading=\"lazy\" decoding=\"async\" width=\"722\" height=\"1024\" src=\"http:\/\/festivallaresistanceaucinema.fr\/wp-content\/uploads\/2025\/03\/programmecineresistance_20256-722x1024.jpg\" alt=\"\" class=\"wp-image-1468\" srcset=\"http:\/\/festivallaresistanceaucinema.fr\/wp-content\/uploads\/2025\/03\/programmecineresistance_20256-722x1024.jpg 722w, http:\/\/festivallaresistanceaucinema.fr\/wp-content\/uploads\/2025\/03\/programmecineresistance_20256-211x300.jpg 211w, http:\/\/festivallaresistanceaucinema.fr\/wp-content\/uploads\/2025\/03\/programmecineresistance_20256-768x1090.jpg 768w, http:\/\/festivallaresistanceaucinema.fr\/wp-content\/uploads\/2025\/03\/programmecineresistance_20256-1083x1536.jpg 1083w, http:\/\/festivallaresistanceaucinema.fr\/wp-content\/uploads\/2025\/03\/programmecineresistance_20256-1444x2048.jpg 1444w, http:\/\/festivallaresistanceaucinema.fr\/wp-content\/uploads\/2025\/03\/programmecineresistance_20256.jpg 1457w\" sizes=\"(max-width: 722px) 100vw, 722px\" \/><\/figure>\n\n\n\n<figure class=\"wp-block-image size-large\"><img loading=\"lazy\" decoding=\"async\" width=\"722\" height=\"1024\" src=\"http:\/\/festivallaresistanceaucinema.fr\/wp-content\/uploads\/2025\/03\/programmecineresistance_20257-722x1024.jpg\" alt=\"\" class=\"wp-image-1469\" srcset=\"http:\/\/festivallaresistanceaucinema.fr\/wp-content\/uploads\/2025\/03\/programmecineresistance_20257-722x1024.jpg 722w, http:\/\/festivallaresistanceaucinema.fr\/wp-content\/uploads\/2025\/03\/programmecineresistance_20257-211x300.jpg 211w, http:\/\/festivallaresistanceaucinema.fr\/wp-content\/uploads\/2025\/03\/programmecineresistance_20257-768x1090.jpg 768w, http:\/\/festivallaresistanceaucinema.fr\/wp-content\/uploads\/2025\/03\/programmecineresistance_20257-1083x1536.jpg 1083w, http:\/\/festivallaresistanceaucinema.fr\/wp-content\/uploads\/2025\/03\/programmecineresistance_20257-1444x2048.jpg 1444w, http:\/\/festivallaresistanceaucinema.fr\/wp-content\/uploads\/2025\/03\/programmecineresistance_20257.jpg 1457w\" sizes=\"(max-width: 722px) 100vw, 722px\" \/><\/figure>\n\n\n\n<figure class=\"wp-block-image size-large\"><img loading=\"lazy\" decoding=\"async\" width=\"722\" height=\"1024\" src=\"http:\/\/festivallaresistanceaucinema.fr\/wp-content\/uploads\/2025\/03\/programmecineresistance_20258-722x1024.jpg\" alt=\"\" class=\"wp-image-1472\" srcset=\"http:\/\/festivallaresistanceaucinema.fr\/wp-content\/uploads\/2025\/03\/programmecineresistance_20258-722x1024.jpg 722w, http:\/\/festivallaresistanceaucinema.fr\/wp-content\/uploads\/2025\/03\/programmecineresistance_20258-211x300.jpg 211w, http:\/\/festivallaresistanceaucinema.fr\/wp-content\/uploads\/2025\/03\/programmecineresistance_20258-768x1090.jpg 768w, http:\/\/festivallaresistanceaucinema.fr\/wp-content\/uploads\/2025\/03\/programmecineresistance_20258-1083x1536.jpg 1083w, http:\/\/festivallaresistanceaucinema.fr\/wp-content\/uploads\/2025\/03\/programmecineresistance_20258-1444x2048.jpg 1444w, http:\/\/festivallaresistanceaucinema.fr\/wp-content\/uploads\/2025\/03\/programmecineresistance_20258.jpg 1457w\" sizes=\"(max-width: 722px) 100vw, 722px\" \/><\/figure>\n\n\n\n<figure class=\"wp-block-image size-large\"><img loading=\"lazy\" decoding=\"async\" width=\"722\" height=\"1024\" src=\"http:\/\/festivallaresistanceaucinema.fr\/wp-content\/uploads\/2025\/03\/programmecineresistance_20259-1-722x1024.jpg\" alt=\"\" class=\"wp-image-1463\" srcset=\"http:\/\/festivallaresistanceaucinema.fr\/wp-content\/uploads\/2025\/03\/programmecineresistance_20259-1-722x1024.jpg 722w, http:\/\/festivallaresistanceaucinema.fr\/wp-content\/uploads\/2025\/03\/programmecineresistance_20259-1-211x300.jpg 211w, http:\/\/festivallaresistanceaucinema.fr\/wp-content\/uploads\/2025\/03\/programmecineresistance_20259-1-768x1090.jpg 768w, http:\/\/festivallaresistanceaucinema.fr\/wp-content\/uploads\/2025\/03\/programmecineresistance_20259-1-1083x1536.jpg 1083w, http:\/\/festivallaresistanceaucinema.fr\/wp-content\/uploads\/2025\/03\/programmecineresistance_20259-1-1444x2048.jpg 1444w, http:\/\/festivallaresistanceaucinema.fr\/wp-content\/uploads\/2025\/03\/programmecineresistance_20259-1.jpg 1457w\" sizes=\"(max-width: 722px) 100vw, 722px\" \/><\/figure>\n\n\n\n<figure class=\"wp-block-image size-large\"><img loading=\"lazy\" decoding=\"async\" width=\"722\" height=\"1024\" src=\"http:\/\/festivallaresistanceaucinema.fr\/wp-content\/uploads\/2025\/03\/programmecineresistance_202510-722x1024.jpg\" alt=\"\" class=\"wp-image-1460\" srcset=\"http:\/\/festivallaresistanceaucinema.fr\/wp-content\/uploads\/2025\/03\/programmecineresistance_202510-722x1024.jpg 722w, http:\/\/festivallaresistanceaucinema.fr\/wp-content\/uploads\/2025\/03\/programmecineresistance_202510-211x300.jpg 211w, http:\/\/festivallaresistanceaucinema.fr\/wp-content\/uploads\/2025\/03\/programmecineresistance_202510-768x1090.jpg 768w, http:\/\/festivallaresistanceaucinema.fr\/wp-content\/uploads\/2025\/03\/programmecineresistance_202510-1083x1536.jpg 1083w, http:\/\/festivallaresistanceaucinema.fr\/wp-content\/uploads\/2025\/03\/programmecineresistance_202510-1444x2048.jpg 1444w, http:\/\/festivallaresistanceaucinema.fr\/wp-content\/uploads\/2025\/03\/programmecineresistance_202510.jpg 1457w\" sizes=\"(max-width: 722px) 100vw, 722px\" \/><\/figure>\n","protected":false},"excerpt":{"rendered":"<p>2005-2025. Depuis deux d\u00e9cennies, les Amis du Mus\u00e9e de la R\u00e9sistance nationale de Seine-Saint-Denis organisent le festival cin\u00e9matographique annuel sur la R\u00e9sistance \u00e0 l\u2019occupant nazi et au r\u00e9gime de Vichy et sur la D\u00e9portation. Chaque projection est suivie d&rsquo;une rencontre &hellip; <a href=\"http:\/\/festivallaresistanceaucinema.fr\/?p=1459\">Continuer la lecture <span class=\"meta-nav\">&rarr;<\/span><\/a><\/p>\n","protected":false},"author":3,"featured_media":0,"comment_status":"closed","ping_status":"","sticky":false,"template":"","format":"standard","meta":{"footnotes":""},"categories":[8],"tags":[],"_links":{"self":[{"href":"http:\/\/festivallaresistanceaucinema.fr\/index.php?rest_route=\/wp\/v2\/posts\/1459"}],"collection":[{"href":"http:\/\/festivallaresistanceaucinema.fr\/index.php?rest_route=\/wp\/v2\/posts"}],"about":[{"href":"http:\/\/festivallaresistanceaucinema.fr\/index.php?rest_route=\/wp\/v2\/types\/post"}],"author":[{"embeddable":true,"href":"http:\/\/festivallaresistanceaucinema.fr\/index.php?rest_route=\/wp\/v2\/users\/3"}],"replies":[{"embeddable":true,"href":"http:\/\/festivallaresistanceaucinema.fr\/index.php?rest_route=%2Fwp%2Fv2%2Fcomments&post=1459"}],"version-history":[{"count":6,"href":"http:\/\/festivallaresistanceaucinema.fr\/index.php?rest_route=\/wp\/v2\/posts\/1459\/revisions"}],"predecessor-version":[{"id":1478,"href":"http:\/\/festivallaresistanceaucinema.fr\/index.php?rest_route=\/wp\/v2\/posts\/1459\/revisions\/1478"}],"wp:attachment":[{"href":"http:\/\/festivallaresistanceaucinema.fr\/index.php?rest_route=%2Fwp%2Fv2%2Fmedia&parent=1459"}],"wp:term":[{"taxonomy":"category","embeddable":true,"href":"http:\/\/festivallaresistanceaucinema.fr\/index.php?rest_route=%2Fwp%2Fv2%2Fcategories&post=1459"},{"taxonomy":"post_tag","embeddable":true,"href":"http:\/\/festivallaresistanceaucinema.fr\/index.php?rest_route=%2Fwp%2Fv2%2Ftags&post=1459"}],"curies":[{"name":"wp","href":"https:\/\/api.w.org\/{rel}","templated":true}]}}